{"id":5634,"date":"2025-06-17T10:46:55","date_gmt":"2025-06-17T10:46:55","guid":{"rendered":"https:\/\/informacionlocal.es\/die-fiestas-zu-ehren-von-san-juan-beginnen-in-pozo-negro\/"},"modified":"2025-06-17T10:46:55","modified_gmt":"2025-06-17T10:46:55","slug":"die-fiestas-zu-ehren-von-san-juan-beginnen-in-pozo-negro","status":"publish","type":"post","link":"https:\/\/informacionlocal.es\/de\/die-fiestas-zu-ehren-von-san-juan-beginnen-in-pozo-negro\/","title":{"rendered":"Die Fiestas zu Ehren von San Juan beginnen in Pozo Negro"},"content":{"rendered":"<div class=\"elementor-widget-container\">\n<p><strong>Die Fiestas zu Ehren von San Juan beginnen in Pozo Negro<\/strong><\/p>\n<p><strong>&#8211; Diesen Donnerstag, den 19. um 20:00 Uhr, wird der Seemann Jacinto P\u00e9rez eine Er\u00f6ffnungsrede halten und die traditionelle Sardinada ist f\u00fcr alle Teilnehmer kostenlos.  <\/strong><br \/><strong>&#8211; Mejor con Copas tritt am Freitag, den 20. Februar, um 23.00 Uhr in Pozo Negro auf. Zuvor spielen D\u00fao Fantas\u00eda und um 01.00 Uhr das Orquesta Estrella Latina.  <\/strong><br \/><strong>&#8211; Ein Partywochenende in Pozo Negro mit einem speziellen Taxiservice am Freitagabend von 22:00 bis 03:30 Uhr und am Samstag, den 21. von 21:30 bis 04:30 Uhr.<\/strong><\/p>\n<p>Pozo Negro feiert seine Fiestas zu Ehren von San Juan von Donnerstag, dem 19. bis Montag, dem 23. Juni, beginnend mit der Er\u00f6ffnungsrede des Einheimischen und im Dorf geborenen Seemanns D. Jacinto P\u00e9rez P\u00e9rez und endend mit dem gro\u00dfen Freudenfeuer am Montagabend, einer Feuershow, der die Ouvert\u00fcre der Akademie der Entresiluetas und die magischen Rituale des Schamanen vorausgehen, um das Negative zu beseitigen und den Moment viel mehr zu genie\u00dfen.<\/p>\n<p>Die Fiestas de San Juan sind das Patronatsfest dieser K\u00fcstenstadt, das jedes Wochenende und im Sommer so viele Familien der Gemeinde zusammenbringt, sagt der B\u00fcrgermeister, Matias Pe\u00f1a, die \u00e4ltesten und sogar im selben Pozo Negro geborenen sind diejenigen, die uns am besten die Geschichte, Anekdoten und Momente der Feste und des Lebens von damals im Vergleich zu denen von heute erz\u00e4hlen k\u00f6nnen. Aus diesem Grund, so f\u00fcgt der B\u00fcrgermeister hinzu, wird es eine Ehre sein, Herrn Jacinto P\u00e9rez P\u00e9rez an diesem Donnerstag zu begleiten und die Feierlichkeiten zu beginnen, die immer ein Dorf schaffen und die Menschen vereinen, indem sie Familien, Nachbarn, Nachbarn und so viele Freunde aus der Gemeinde und der Insel zusammenbringen. <\/p>\n<p>Der Stadtrat f\u00fcr Festlichkeiten, Pedro M. Armas Mart\u00edn, erinnert uns daran, dass wir nach der Er\u00f6ffnungsrede von D. Jacinto die traditionelle Sardinada genie\u00dfen k\u00f6nnen, die jedes Jahr w\u00e4hrend der Festlichkeiten in Pozo Negro kostenlos auf gro\u00dfen Grillfl\u00e4chen angeboten wird, mit all ihrem Geschmack.<\/p>\n<p>Das Orquesta Estrella Latina, die Gruppe Mejor con Copas und das D\u00fao Fantas\u00eda geben den Rhythmus des Freitagabends vor, der ein intensives Wochenende einl\u00e4utet, sagt Stadtrat Armas, das am Samstagmorgen den Kleinen gewidmet ist, gefolgt von einem Familienkurs mit der Gruppe Zumba Fuerteventura, der maritim-terrestrischen Pyrotechnikausstellung um Mitternacht und der Verbena mit den Gruppen Kalibre und Gente Nueva.<\/p>\n<\/div>\n","protected":false},"excerpt":{"rendered":"<p><strong>Die Fiestas zu Ehren von San Juan beginnen in Pozo Negro<\/strong><\/p>\n","protected":false},"author":1,"featured_media":5631,"comment_status":"open","ping_status":"open","sticky":false,"template":"","format":"standard","meta":{"inline_featured_image":false,"jnews-multi-image_gallery":[],"jnews_single_post":[],"jnews_primary_category":[],"jnews_social_meta":[],"jnews_override_counter":[],"jnews_post_split":[],"footnotes":""},"categories":[283],"tags":[216],"class_list":["post-5634","post","type-post","status-publish","format-standard","has-post-thumbnail","hentry","category-antigua-de","tag-fuerteventura-de"],"jetpack_featured_media_url":"https:\/\/informacionlocal.es\/wp-content\/uploads\/2025\/06\/el-pregonero-de-las-fiestas-de-pozo-negro-sera-jacinto-el-pescado-3.jpg","_links":{"self":[{"href":"https:\/\/informacionlocal.es\/de\/wp-json\/wp\/v2\/posts\/5634","targetHints":{"allow":["GET"]}}],"collection":[{"href":"https:\/\/informacionlocal.es\/de\/wp-json\/wp\/v2\/posts"}],"about":[{"href":"https:\/\/informacionlocal.es\/de\/wp-json\/wp\/v2\/types\/post"}],"author":[{"embeddable":true,"href":"https:\/\/informacionlocal.es\/de\/wp-json\/wp\/v2\/users\/1"}],"replies":[{"embeddable":true,"href":"https:\/\/informacionlocal.es\/de\/wp-json\/wp\/v2\/comments?post=5634"}],"version-history":[{"count":0,"href":"https:\/\/informacionlocal.es\/de\/wp-json\/wp\/v2\/posts\/5634\/revisions"}],"wp:featuredmedia":[{"embeddable":true,"href":"https:\/\/informacionlocal.es\/de\/wp-json\/wp\/v2\/media\/5631"}],"wp:attachment":[{"href":"https:\/\/informacionlocal.es\/de\/wp-json\/wp\/v2\/media?parent=5634"}],"wp:term":[{"taxonomy":"category","embeddable":true,"href":"https:\/\/informacionlocal.es\/de\/wp-json\/wp\/v2\/categories?post=5634"},{"taxonomy":"post_tag","embeddable":true,"href":"https:\/\/informacionlocal.es\/de\/wp-json\/wp\/v2\/tags?post=5634"}],"curies":[{"name":"wp","href":"https:\/\/api.w.org\/{rel}","templated":true}]}}