{"id":5574,"date":"2025-06-16T13:36:07","date_gmt":"2025-06-16T13:36:07","guid":{"rendered":"https:\/\/informacionlocal.es\/das-rathaus-von-pajara-praesentiert-das-programm-fuer-die-feierlichkeiten-zu-ehren-von-san-juan-2025-in-ajuy\/"},"modified":"2025-06-16T13:36:07","modified_gmt":"2025-06-16T13:36:07","slug":"das-rathaus-von-pajara-praesentiert-das-programm-fuer-die-feierlichkeiten-zu-ehren-von-san-juan-2025-in-ajuy","status":"publish","type":"post","link":"https:\/\/informacionlocal.es\/de\/das-rathaus-von-pajara-praesentiert-das-programm-fuer-die-feierlichkeiten-zu-ehren-von-san-juan-2025-in-ajuy\/","title":{"rendered":"Das Rathaus von P\u00e1jara pr\u00e4sentiert das Programm f\u00fcr die Feierlichkeiten zu Ehren von San Juan 2025 in Ajuy"},"content":{"rendered":"<div class=\"entry-content\">\n<p><b><i>Eine Woche vollgepackt mit einer Vielzahl von traditionellen und beliebten Aktivit\u00e4ten f\u00fcr die ganze Familie.  <\/i><\/b><\/p>\n<p><span>Die Concejal\u00eda de Festejos des Ayuntamiento de P\u00e1jara stellt das Programm f\u00fcr die Feste zu Ehren von San Juan 2025 im Dorf Ajuy vor. Die Feierlichkeiten beginnen heute mit einer Woche voller Aktivit\u00e4ten f\u00fcr alle Altersgruppen und gipfeln in der traditionellen San-Juan-Nacht mit ihrem spektakul\u00e4ren Feuerwerk.   <\/span><\/p>\n<p><span>Das Veranstaltungsprogramm umfasst ein vielf\u00e4ltiges Freizeit- und Kulturangebot, das den Bewohnern und Besuchern Freude bereiten soll. Zu den Aktivit\u00e4ten geh\u00f6ren Bastelworkshops, Sportturniere, eine S\u00fc\u00dfspeisenverkostung, eine Schatzsuche, eine Kindergala und eine Seniorengala. Au\u00dferdem werden ein Kunsthandwerkermarkt und Tanzveranstaltungen unter freiem Himmel stattfinden, die allesamt zu einer dynamischen Atmosph\u00e4re beitragen werden.    <\/span><\/p>\n<p><span>Der Stadtrat f\u00fcr Festlichkeiten, Juan Jos\u00e9 Viera, \u00e4u\u00dfert sich zufrieden \u00fcber die Feierlichkeiten zu den Festen von San Juan in Ajuy. \u201eWir haben ein sehr komplettes Programm vorbereitet und dabei an die Teilnahme aller Altersgruppen und die Wiederbelebung unserer Traditionen gedacht\u201c. Er f\u00fcgt hinzu, dass \u201edie Zusammenarbeit mit dem Cabildo von Fuerteventura im Rahmen des Programms \u201aVergiss nicht, was uns geh\u00f6rt\u2018 ein Beispiel f\u00fcr unser Engagement f\u00fcr die Kultur und das Erbe der Kanarischen Inseln ist\u201c.  <\/span><\/p>\n<p><span>Der H\u00f6hepunkt der Feierlichkeiten findet am Abend des 23. Juni mit dem gro\u00dfen Feuerwerk statt, mit dem der Vorabend des Johannistages begangen wird. Der Abschluss der Feierlichkeiten findet am Dienstag, den 24. Juni um 17:00 Uhr mit einem feierlichen Gottesdienst zu seinen Ehren statt.   <\/span><\/p>\n<p><span>Das Rathaus von P\u00e1jara l\u00e4dt Nachbarn und Besucher ein, sich aktiv an diesen Festen zu beteiligen, in der Hoffnung, dass sie sich an jeder der geplanten Aktivit\u00e4ten erfreuen werden.  <\/span><\/p>\n<\/p>\n<\/div>\n","protected":false},"excerpt":{"rendered":"<p><i>Eine Woche vollgepackt mit einer Vielzahl von traditionellen und beliebten Aktivit\u00e4ten f\u00fcr die ganze Familie.  <\/i><\/p>\n","protected":false},"author":1,"featured_media":5571,"comment_status":"open","ping_status":"open","sticky":false,"template":"","format":"standard","meta":{"inline_featured_image":false,"jnews-multi-image_gallery":[],"jnews_single_post":[],"jnews_primary_category":[],"jnews_social_meta":[],"jnews_override_counter":[],"jnews_post_split":[],"footnotes":""},"categories":[297],"tags":[216],"class_list":["post-5574","post","type-post","status-publish","format-standard","has-post-thumbnail","hentry","category-pajara-de","tag-fuerteventura-de"],"jetpack_featured_media_url":"https:\/\/informacionlocal.es\/wp-content\/uploads\/2025\/06\/programa-fiestas-ajuy-2025-scaled-1.png","_links":{"self":[{"href":"https:\/\/informacionlocal.es\/de\/wp-json\/wp\/v2\/posts\/5574","targetHints":{"allow":["GET"]}}],"collection":[{"href":"https:\/\/informacionlocal.es\/de\/wp-json\/wp\/v2\/posts"}],"about":[{"href":"https:\/\/informacionlocal.es\/de\/wp-json\/wp\/v2\/types\/post"}],"author":[{"embeddable":true,"href":"https:\/\/informacionlocal.es\/de\/wp-json\/wp\/v2\/users\/1"}],"replies":[{"embeddable":true,"href":"https:\/\/informacionlocal.es\/de\/wp-json\/wp\/v2\/comments?post=5574"}],"version-history":[{"count":0,"href":"https:\/\/informacionlocal.es\/de\/wp-json\/wp\/v2\/posts\/5574\/revisions"}],"wp:featuredmedia":[{"embeddable":true,"href":"https:\/\/informacionlocal.es\/de\/wp-json\/wp\/v2\/media\/5571"}],"wp:attachment":[{"href":"https:\/\/informacionlocal.es\/de\/wp-json\/wp\/v2\/media?parent=5574"}],"wp:term":[{"taxonomy":"category","embeddable":true,"href":"https:\/\/informacionlocal.es\/de\/wp-json\/wp\/v2\/categories?post=5574"},{"taxonomy":"post_tag","embeddable":true,"href":"https:\/\/informacionlocal.es\/de\/wp-json\/wp\/v2\/tags?post=5574"}],"curies":[{"name":"wp","href":"https:\/\/api.w.org\/{rel}","templated":true}]}}