{"id":5563,"date":"2025-06-16T13:02:05","date_gmt":"2025-06-16T13:02:05","guid":{"rendered":"https:\/\/informacionlocal.es\/der-cai-von-puerto-del-rosario-nimmt-in-madrid-am-v-weltkongress-fuer-gerechtigkeit-mit-kindern-teil\/"},"modified":"2025-06-16T13:02:05","modified_gmt":"2025-06-16T13:02:05","slug":"der-cai-von-puerto-del-rosario-nimmt-in-madrid-am-v-weltkongress-fuer-gerechtigkeit-mit-kindern-teil","status":"publish","type":"post","link":"https:\/\/informacionlocal.es\/de\/der-cai-von-puerto-del-rosario-nimmt-in-madrid-am-v-weltkongress-fuer-gerechtigkeit-mit-kindern-teil\/","title":{"rendered":"Der CAI von Puerto del Rosario nimmt in Madrid am \u201eV. Weltkongress f\u00fcr Gerechtigkeit mit Kindern\u201c teil."},"content":{"rendered":"<div class=\"entry-content\">\n<p>Ein 16-j\u00e4hriges M\u00e4dchen aus Puerto del Rosario, das an dem Projekt \u201eKinderfreundliche Stadt\u201c teilnimmt, hat in Madrid an der \u201eCiudad Amiga de la Infancia\u201c teilgenommen.<strong>5. Weltkongress \u00fcber Gerechtigkeit f\u00fcr Kinder<\/strong>&#8222;An der Veranstaltung nahmen mehr als 800 Personen pers\u00f6nlich und mehr als 6.000 Personen online teil, darunter Staatsanw\u00e4lte, Richter, Rechtsanw\u00e4lte, Menschenrechtsverteidiger, Minister, Botschafter und andere, um \u00fcber den Schutz der Kinderrechte im Justizwesen zu diskutieren.<\/p>\n<p>Die junge Ailin kommentiert: &#8222;Am ersten Tag hatten wir in einem anderen Raum au\u00dferhalb des Kongresses die Gelegenheit, uns mit Najat Maalla M&#8217;jid, der Sonderbeauftragten des UN-Generalsekret\u00e4rs f\u00fcr Gewalt gegen Kinder, zu treffen. Wir sprachen unter anderem \u00fcber die Bedeutung des Schutzes junger Menschen beim Eintritt in das Justizsystem und \u00fcber einige der Strategien, die andere L\u00e4nder anwenden, um das Wohlergehen ihrer jungen Menschen in den Justizsystemen zu gew\u00e4hrleisten. <\/p>\n<p>In meinem Beitrag wies ich darauf hin, wie wichtig es ist, dass die Politik der Jugendgerichtsbarkeit nicht nur f\u00fcr die Jugendlichen, sondern mit uns gestaltet wird. Ich habe dar\u00fcber gesprochen, dass Justizsysteme oft dazu f\u00fchren, dass Armut, Unterschiede oder Ausgrenzung bestraft werden, und dass sie, anstatt zu sch\u00fctzen, die Gewalt, die wir bereits erleben, noch verst\u00e4rken k\u00f6nnen. Ich habe auch darauf hingewiesen, dass echte Gerechtigkeit nicht von Schreibtischen aus geschaffen werden kann, die weit von unserer Realit\u00e4t entfernt sind: Wir m\u00fcssen mit am Tisch sitzen, nicht als Symbol, sondern als Protagonisten&#8220;.  <\/p>\n<p>W\u00e4hrend des gesamten Kongresses konnte Ailin an verschiedenen Workshops teilnehmen und gemeinsam mit Professoren der Universit\u00e4t von Valencia sprechen.<\/p>\n<p>\u201eIch konnte nicht nur von meinem Recht auf Beteiligung und Meinungs\u00e4u\u00dferung Gebrauch machen, sondern auch den Jugendlichen eine Stimme geben, deren Stimmen noch immer nicht geh\u00f6rt werden\u201c, so die junge Majorin.<\/p>\n<p>Das Rathaus von Puerto del Rosario hat Ailin seinen tiefsten Dank f\u00fcr ihren Einsatz und ihre Tapferkeit auf einer so gro\u00dfen B\u00fchne ausgesprochen.<\/p>\n<\/div>\n","protected":false},"excerpt":{"rendered":"<p>Ein 16-j\u00e4hriges M\u00e4dchen aus Puerto del Rosario, das an dem Projekt \u201eKinderfreundliche Stadt\u201c teilnimmt, hat in Madrid an der \u201eCiudad Amiga de la Infancia\u201c teilgenommen.5. Weltkongress \u00fcber Gerechtigkeit f\u00fcr Kinder&#8222;An [&hellip;]<\/p>\n","protected":false},"author":1,"featured_media":5559,"comment_status":"open","ping_status":"open","sticky":false,"template":"","format":"standard","meta":{"inline_featured_image":false,"jnews-multi-image_gallery":[],"jnews_single_post":[],"jnews_primary_category":[],"jnews_social_meta":[],"jnews_override_counter":[],"jnews_post_split":[],"footnotes":""},"categories":[293],"tags":[],"class_list":["post-5563","post","type-post","status-publish","format-standard","has-post-thumbnail","hentry","category-puerto-del-rosario-de"],"jetpack_featured_media_url":"https:\/\/informacionlocal.es\/wp-content\/uploads\/2025\/06\/ailin-congreso-0625-panel.jpeg","_links":{"self":[{"href":"https:\/\/informacionlocal.es\/de\/wp-json\/wp\/v2\/posts\/5563","targetHints":{"allow":["GET"]}}],"collection":[{"href":"https:\/\/informacionlocal.es\/de\/wp-json\/wp\/v2\/posts"}],"about":[{"href":"https:\/\/informacionlocal.es\/de\/wp-json\/wp\/v2\/types\/post"}],"author":[{"embeddable":true,"href":"https:\/\/informacionlocal.es\/de\/wp-json\/wp\/v2\/users\/1"}],"replies":[{"embeddable":true,"href":"https:\/\/informacionlocal.es\/de\/wp-json\/wp\/v2\/comments?post=5563"}],"version-history":[{"count":0,"href":"https:\/\/informacionlocal.es\/de\/wp-json\/wp\/v2\/posts\/5563\/revisions"}],"wp:featuredmedia":[{"embeddable":true,"href":"https:\/\/informacionlocal.es\/de\/wp-json\/wp\/v2\/media\/5559"}],"wp:attachment":[{"href":"https:\/\/informacionlocal.es\/de\/wp-json\/wp\/v2\/media?parent=5563"}],"wp:term":[{"taxonomy":"category","embeddable":true,"href":"https:\/\/informacionlocal.es\/de\/wp-json\/wp\/v2\/categories?post=5563"},{"taxonomy":"post_tag","embeddable":true,"href":"https:\/\/informacionlocal.es\/de\/wp-json\/wp\/v2\/tags?post=5563"}],"curies":[{"name":"wp","href":"https:\/\/api.w.org\/{rel}","templated":true}]}}