{"id":5550,"date":"2025-06-16T11:49:34","date_gmt":"2025-06-16T11:49:34","guid":{"rendered":"https:\/\/informacionlocal.es\/die-einheimischen-kuenstler-der-escuela-municipal-de-musica-emma-werden-diesen-mittwoch-im-auditorium-von-antigua-ein-konzert-geben\/"},"modified":"2025-06-16T11:49:34","modified_gmt":"2025-06-16T11:49:34","slug":"die-einheimischen-kuenstler-der-escuela-municipal-de-musica-emma-werden-diesen-mittwoch-im-auditorium-von-antigua-ein-konzert-geben","status":"publish","type":"post","link":"https:\/\/informacionlocal.es\/de\/die-einheimischen-kuenstler-der-escuela-municipal-de-musica-emma-werden-diesen-mittwoch-im-auditorium-von-antigua-ein-konzert-geben\/","title":{"rendered":"Die einheimischen K\u00fcnstler der Escuela Municipal de M\u00fasica EMMA werden diesen Mittwoch im Auditorium von Antigua ein Konzert geben."},"content":{"rendered":"<div class=\"elementor-widget-container\">\n<p><strong>Die einheimischen K\u00fcnstler der Escuela Municipal de M\u00fasica EMMA werden diesen Mittwoch im Auditorium von Antigua ein Konzert geben.<\/strong><\/p>\n<p><strong>&#8211; Studenten der Escuela Municipal de M\u00fasica de Antigua, EMMA, treten am Mittwoch, den 18. Juni von 17:00 bis 19:00 Uhr im Auditorio de Antigua auf die B\u00fchne.  <\/strong><br \/><strong>&#8211; Der Eintritt ist frei, und alle Nachbarn, ob jung oder alt, sind eingeladen, die lokalen Talente zu bewundern, die jede Woche proben und sich bem\u00fchen, an der st\u00e4dtischen Musikschule zu lernen, sagt der Stadtrat f\u00fcr Kultur, Jonathan Pe\u00f1a.<\/strong><\/p>\n<p>Die Escuela Municipal de M\u00fasica de Antigua (EMMA), die von der Kulturbeh\u00f6rde der Stadt Antigua gef\u00f6rdert wird, schlie\u00dft das Schuljahr mit einem stilvollen Konzert ab, an dem Sch\u00fcler aller Altersgruppen und verschiedener Fachrichtungen teilnehmen.<\/p>\n<p>Ich bin dankbar f\u00fcr den Mut der Sch\u00fcler, sagt der B\u00fcrgermeister von Antigua, Mat\u00edas Pe\u00f1a Garc\u00eda, die auf der B\u00fchne ihr Talent und ihr K\u00f6nnen unter Beweis stellen, indem sie musikalische Themen vortragen, die allen bekannt sind und die in den w\u00f6chentlichen Kursen in Antigua einstudiert wurden.<\/p>\n<p>Die J\u00fcngsten werden in Begleitung ihres Lehrers f\u00fcr Rhythmus und musikalische Sprache eine Percussion-Demonstration mit improvisierten W\u00fcrfeln als Instrumenten vorf\u00fchren, erkl\u00e4rt der Kulturstadtrat Jonathan Pe\u00f1a, und die \u00e4lteren Kinder werden zusammen mit ihren Lehrern Lieder a cappella, auf dem Klavier, begleitet von Gitarre, Schlagzeug oder Saxophon, in der Gruppe oder als Solisten vortragen.<\/p>\n<p>Das Konzert zum Schuljahresende findet am Mittwoch, den 18. Juni von 17:00 bis 19:00 Uhr im Auditorio de Antigua statt, der Eintritt ist frei. Die lokalen Talente, die jede Woche proben und sich bem\u00fchen, an der st\u00e4dtischen Musikschule zu lernen, f\u00fcgt der Stadtrat f\u00fcr Kultur, Jonathan Pe\u00f1a, hinzu. <\/p>\n<\/p>\n<\/div>\n","protected":false},"excerpt":{"rendered":"<p><strong>Die einheimischen K\u00fcnstler der Escuela Municipal de M\u00fasica EMMA werden diesen Mittwoch im Auditorium von Antigua ein Konzert geben.<\/strong><\/p>\n","protected":false},"author":1,"featured_media":5547,"comment_status":"open","ping_status":"open","sticky":false,"template":"","format":"standard","meta":{"inline_featured_image":false,"jnews-multi-image_gallery":[],"jnews_single_post":[],"jnews_primary_category":[],"jnews_social_meta":[],"jnews_override_counter":[],"jnews_post_split":[],"footnotes":""},"categories":[283],"tags":[],"class_list":["post-5550","post","type-post","status-publish","format-standard","has-post-thumbnail","hentry","category-antigua-de"],"jetpack_featured_media_url":"https:\/\/informacionlocal.es\/wp-content\/uploads\/2025\/06\/imagen-de-whatsapp-2025-06-13-a-las-12-59-54_142fa085-1.jpg","_links":{"self":[{"href":"https:\/\/informacionlocal.es\/de\/wp-json\/wp\/v2\/posts\/5550","targetHints":{"allow":["GET"]}}],"collection":[{"href":"https:\/\/informacionlocal.es\/de\/wp-json\/wp\/v2\/posts"}],"about":[{"href":"https:\/\/informacionlocal.es\/de\/wp-json\/wp\/v2\/types\/post"}],"author":[{"embeddable":true,"href":"https:\/\/informacionlocal.es\/de\/wp-json\/wp\/v2\/users\/1"}],"replies":[{"embeddable":true,"href":"https:\/\/informacionlocal.es\/de\/wp-json\/wp\/v2\/comments?post=5550"}],"version-history":[{"count":0,"href":"https:\/\/informacionlocal.es\/de\/wp-json\/wp\/v2\/posts\/5550\/revisions"}],"wp:featuredmedia":[{"embeddable":true,"href":"https:\/\/informacionlocal.es\/de\/wp-json\/wp\/v2\/media\/5547"}],"wp:attachment":[{"href":"https:\/\/informacionlocal.es\/de\/wp-json\/wp\/v2\/media?parent=5550"}],"wp:term":[{"taxonomy":"category","embeddable":true,"href":"https:\/\/informacionlocal.es\/de\/wp-json\/wp\/v2\/categories?post=5550"},{"taxonomy":"post_tag","embeddable":true,"href":"https:\/\/informacionlocal.es\/de\/wp-json\/wp\/v2\/tags?post=5550"}],"curies":[{"name":"wp","href":"https:\/\/api.w.org\/{rel}","templated":true}]}}