{"id":5537,"date":"2025-06-16T11:43:03","date_gmt":"2025-06-16T11:43:03","guid":{"rendered":"https:\/\/informacionlocal.es\/frist-fuer-die-einreichung-von-unterlagen-fuer-die-installation-von-ventorrillos-im-rahmen-der-makrosportveranstaltung-sol-y-luna-2025-laeuft-ab\/"},"modified":"2025-06-16T11:43:03","modified_gmt":"2025-06-16T11:43:03","slug":"frist-fuer-die-einreichung-von-unterlagen-fuer-die-installation-von-ventorrillos-im-rahmen-der-makrosportveranstaltung-sol-y-luna-2025-laeuft-ab","status":"publish","type":"post","link":"https:\/\/informacionlocal.es\/de\/frist-fuer-die-einreichung-von-unterlagen-fuer-die-installation-von-ventorrillos-im-rahmen-der-makrosportveranstaltung-sol-y-luna-2025-laeuft-ab\/","title":{"rendered":"Frist f\u00fcr die Einreichung von Unterlagen f\u00fcr die Installation von Ventorrillos im Rahmen der Makrosportveranstaltung Sol y Luna 2025 l\u00e4uft ab"},"content":{"rendered":"<div class=\"entry-content\">\n<div class=\"xdj266r x14z9mp xat24cr x1lziwak x1vvkbs x126k92a\">\n<div dir=\"auto\">Frist f\u00fcr die Einreichung von Unterlagen f\u00fcr die Installation von Ventorrillos im Rahmen der Makrosportveranstaltung Sol y Luna 2025 l\u00e4uft ab<\/div>\n<\/div>\n<div class=\"x14z9mp xat24cr x1lziwak x1vvkbs xtlvy1s x126k92a\">\n<div dir=\"auto\">Die Unterlagen k\u00f6nnen bis Dienstag, 17. Juni, eingereicht werden.<\/div>\n<\/div>\n<div class=\"x14z9mp xat24cr x1lziwak x1vvkbs xtlvy1s x126k92a\">\n<div dir=\"auto\">Interessenten, die die geforderten Unterlagen nicht vorlegen oder die in den Regeln festgelegten Bedingungen nicht erf\u00fcllen, werden nach Pr\u00fcfung durch den Sicherheitsdienst ausgeschlossen und k\u00f6nnen ihre Ventorrillos w\u00e4hrend der Sportveranstaltung Sol y Luna 2025 macro nicht aufstellen.<\/div>\n<\/div>\n<div class=\"x14z9mp xat24cr x1lziwak x1vvkbs xtlvy1s x126k92a\">\n<div dir=\"auto\">Die vorl\u00e4ufige Liste kann auf der Website des Stadtrats eingesehen werden: <span class=\"html-span xdj266r x14z9mp xat24cr x1lziwak xexx8yu xyri2b x18d9i69 x1c1uobl x1hl2dhg x16tdsg8 x1vvkbs\">www.puertodelrosario.org<\/span><\/div>\n<div dir=\"auto\">Im Bereich des Sports.<\/div>\n<\/div>\n<\/div>\n","protected":false},"excerpt":{"rendered":"<p>Frist f\u00fcr die Einreichung von Unterlagen f\u00fcr die Installation von Ventorrillos im Rahmen der Makrosportveranstaltung Sol y Luna 2025 l\u00e4uft ab Die Unterlagen k\u00f6nnen bis Dienstag, 17. Juni, eingereicht werden. [&hellip;]<\/p>\n","protected":false},"author":1,"featured_media":5535,"comment_status":"open","ping_status":"open","sticky":false,"template":"","format":"standard","meta":{"inline_featured_image":false,"jnews-multi-image_gallery":[],"jnews_single_post":[],"jnews_primary_category":[],"jnews_social_meta":[],"jnews_override_counter":[],"jnews_post_split":[],"footnotes":""},"categories":[293],"tags":[],"class_list":["post-5537","post","type-post","status-publish","format-standard","has-post-thumbnail","hentry","category-puerto-del-rosario-de"],"jetpack_featured_media_url":"https:\/\/informacionlocal.es\/wp-content\/uploads\/2025\/06\/ventorrillos-titu-subsanar-solyluna.jpg","_links":{"self":[{"href":"https:\/\/informacionlocal.es\/de\/wp-json\/wp\/v2\/posts\/5537","targetHints":{"allow":["GET"]}}],"collection":[{"href":"https:\/\/informacionlocal.es\/de\/wp-json\/wp\/v2\/posts"}],"about":[{"href":"https:\/\/informacionlocal.es\/de\/wp-json\/wp\/v2\/types\/post"}],"author":[{"embeddable":true,"href":"https:\/\/informacionlocal.es\/de\/wp-json\/wp\/v2\/users\/1"}],"replies":[{"embeddable":true,"href":"https:\/\/informacionlocal.es\/de\/wp-json\/wp\/v2\/comments?post=5537"}],"version-history":[{"count":0,"href":"https:\/\/informacionlocal.es\/de\/wp-json\/wp\/v2\/posts\/5537\/revisions"}],"wp:featuredmedia":[{"embeddable":true,"href":"https:\/\/informacionlocal.es\/de\/wp-json\/wp\/v2\/media\/5535"}],"wp:attachment":[{"href":"https:\/\/informacionlocal.es\/de\/wp-json\/wp\/v2\/media?parent=5537"}],"wp:term":[{"taxonomy":"category","embeddable":true,"href":"https:\/\/informacionlocal.es\/de\/wp-json\/wp\/v2\/categories?post=5537"},{"taxonomy":"post_tag","embeddable":true,"href":"https:\/\/informacionlocal.es\/de\/wp-json\/wp\/v2\/tags?post=5537"}],"curies":[{"name":"wp","href":"https:\/\/api.w.org\/{rel}","templated":true}]}}