{"id":5526,"date":"2025-06-16T11:02:23","date_gmt":"2025-06-16T11:02:23","guid":{"rendered":"https:\/\/informacionlocal.es\/antigua-se-mueve-oeffnet-die-anmeldung-fuer-die-nachtwanderung-von-valles-de-ortega-nach-tiscamanita\/"},"modified":"2025-06-16T11:02:23","modified_gmt":"2025-06-16T11:02:23","slug":"antigua-se-mueve-oeffnet-die-anmeldung-fuer-die-nachtwanderung-von-valles-de-ortega-nach-tiscamanita","status":"publish","type":"post","link":"https:\/\/informacionlocal.es\/de\/antigua-se-mueve-oeffnet-die-anmeldung-fuer-die-nachtwanderung-von-valles-de-ortega-nach-tiscamanita\/","title":{"rendered":"Antigua se mueve \u00f6ffnet die Anmeldung f\u00fcr die Nachtwanderung von Valles de Ortega nach Tiscamanita"},"content":{"rendered":"<div class=\"elementor-widget-container\">\n<p><strong>Antigua se mueve \u00f6ffnet die Anmeldung f\u00fcr die Nachtwanderung von Valles de Ortega nach Tiscamanita<\/strong><\/p>\n<p><strong>&#8211; Etwa zwanzig Wanderer aus Antigua nahmen am Samstag an der Wanderung zum Alto del Jurado teil.<\/strong><br \/><strong>&#8211; Antigua se Mueve schl\u00e4gt eine neue Route vor, diesmal nachts von Valles de Ortega nach Tiscamanita, mit einer Anmeldefrist bis Montag, 23. Juni.  <\/strong><br \/><strong>&#8211; Die Anmeldung ist immer kostenlos, und das Rathaus von Antigua sorgt f\u00fcr den Transport, erfahrene F\u00fchrer und den Endputz.<\/strong><\/p>\n<p>Das Wanderprogramm \u201eAntigua se mueve\u201c, das von der Stadtverwaltung von Antigua von den Abteilungen f\u00fcr Jugend und Sport organisiert wird, feierte am vergangenen Samstag seine dritte Route, wobei die Wanderer an der Wanderung in der Gambuesa in Alto del Jurado teilnahmen.<\/p>\n<p>Eine direkte Erfahrung mit den Viehz\u00fcchtern des Mancom\u00fan, die ihnen die Positionen, Punkte und Steinhaufen zeigten, von denen aus sie mit ihrer Dose und Tasche, in diesem Fall einem Rucksack, die \u201eapa\u00f1ada\u201c verst\u00e4rkten, die letzten Samstag im Alto del jurado stattfand.<\/p>\n<p>Die dritte Antigua se Mueve Route wurde zwischen Ziegen und apa\u00f1ada statt, mit etwa zwanzig Wanderer teilnehmen, die nach dem Aufstieg auf den Alto und sammeln die Ziegen und ihre baifos, nicht den letzten Snack verpassen, um wieder Kraft, diskutieren die Momente und beginnen die R\u00fcckkehr, sagt der B\u00fcrgermeister, Matias Pe\u00f1a, der die Wanderer gratuliert und dankt den Bauern, ihre Hinweise und Zusammenarbeit.<\/p>\n<p>Die Stadtr\u00e4te von Antigua se mueve, Samuel Torres f\u00fcr Sport und Pedro M. Armas f\u00fcr Jugend, halten das Wanderprogramm 2025 f\u00fcr einen Erfolg, da es alle Orte auf jeder neu vorgeschlagenen Route abdeckt.<\/p>\n<p>Die n\u00e4chste Route sieht eine Nachtwanderung auf dem Weg von Valles de Ortega nach Tiscamanita vor, immer in Begleitung eines F\u00fchrers, der die Legenden, die Geschichte und die Besonderheiten der einzelnen Etappen erz\u00e4hlt.<\/p>\n<p>Die Anmeldung f\u00fcr die Nachtroute muss bis einschlie\u00dflich Montag, den 23. Juni, im Rathaus von Antigua, im B\u00fcrgermeisteramt von Caleta de Fuste oder online unter www.ayto-antigua.es erfolgen.<\/p>\n<\/div>\n","protected":false},"excerpt":{"rendered":"<p><strong>Antigua se mueve \u00f6ffnet die Anmeldung f\u00fcr die Nachtwanderung von Valles de Ortega nach Tiscamanita<\/strong><\/p>\n","protected":false},"author":1,"featured_media":5523,"comment_status":"open","ping_status":"open","sticky":false,"template":"","format":"standard","meta":{"inline_featured_image":false,"jnews-multi-image_gallery":[],"jnews_single_post":[],"jnews_primary_category":[],"jnews_social_meta":[],"jnews_override_counter":[],"jnews_post_split":[],"footnotes":""},"categories":[283],"tags":[],"class_list":["post-5526","post","type-post","status-publish","format-standard","has-post-thumbnail","hentry","category-antigua-de"],"jetpack_featured_media_url":"https:\/\/informacionlocal.es\/wp-content\/uploads\/2025\/06\/los-senderistas-de-antigua-participan-en-la-apanada-en-lo-alto-del-jurado-1.jpg","_links":{"self":[{"href":"https:\/\/informacionlocal.es\/de\/wp-json\/wp\/v2\/posts\/5526","targetHints":{"allow":["GET"]}}],"collection":[{"href":"https:\/\/informacionlocal.es\/de\/wp-json\/wp\/v2\/posts"}],"about":[{"href":"https:\/\/informacionlocal.es\/de\/wp-json\/wp\/v2\/types\/post"}],"author":[{"embeddable":true,"href":"https:\/\/informacionlocal.es\/de\/wp-json\/wp\/v2\/users\/1"}],"replies":[{"embeddable":true,"href":"https:\/\/informacionlocal.es\/de\/wp-json\/wp\/v2\/comments?post=5526"}],"version-history":[{"count":0,"href":"https:\/\/informacionlocal.es\/de\/wp-json\/wp\/v2\/posts\/5526\/revisions"}],"wp:featuredmedia":[{"embeddable":true,"href":"https:\/\/informacionlocal.es\/de\/wp-json\/wp\/v2\/media\/5523"}],"wp:attachment":[{"href":"https:\/\/informacionlocal.es\/de\/wp-json\/wp\/v2\/media?parent=5526"}],"wp:term":[{"taxonomy":"category","embeddable":true,"href":"https:\/\/informacionlocal.es\/de\/wp-json\/wp\/v2\/categories?post=5526"},{"taxonomy":"post_tag","embeddable":true,"href":"https:\/\/informacionlocal.es\/de\/wp-json\/wp\/v2\/tags?post=5526"}],"curies":[{"name":"wp","href":"https:\/\/api.w.org\/{rel}","templated":true}]}}