{"id":5514,"date":"2025-06-16T10:46:27","date_gmt":"2025-06-16T10:46:27","guid":{"rendered":"https:\/\/informacionlocal.es\/corralejo-beherbergt-den-ersten-paddel-campus-fuer-kinder-jugendliche-und-erwachsene-in-der-gemeinde\/"},"modified":"2025-06-16T10:46:27","modified_gmt":"2025-06-16T10:46:27","slug":"corralejo-beherbergt-den-ersten-paddel-campus-fuer-kinder-jugendliche-und-erwachsene-in-der-gemeinde","status":"publish","type":"post","link":"https:\/\/informacionlocal.es\/de\/corralejo-beherbergt-den-ersten-paddel-campus-fuer-kinder-jugendliche-und-erwachsene-in-der-gemeinde\/","title":{"rendered":"Corralejo beherbergt den ersten Paddel-Campus f\u00fcr Kinder, Jugendliche und Erwachsene in der Gemeinde."},"content":{"rendered":"<p>Der Sport ist auch im Sommer in La Oliva lebendig. Die Gemeinde veranstaltet vom 14. bis 19. Juli ihr erstes Paddle-Tennis-Camp f\u00fcr Kinder, Jugendliche und Erwachsene auf den Pl\u00e4tzen des st\u00e4dtischen Schwimmbads in Corralejo. Das Rathaus von La Oliva f\u00f6rdert \u00fcber das Sportamt unter der Leitung von Gleiber Carre\u00f1o und in Zusammenarbeit mit Mahox Experience diese Sportart w\u00e4hrend der Sommersaison sowohl bei den neuen Generationen als auch bei den Erwachsenen. In diesem Sinne k\u00f6nnen die Teilnehmer an Kursen teilnehmen, um ihre Technik und k\u00f6rperliche Vorbereitung zu verbessern. Au\u00dferdem gibt es verschiedene Verlosungen, Spiele f\u00fcr die Kleinen und viele andere \u00dcberraschungen, die dieses Treffen zu einem einzigartigen Erlebnis machen werden.   <\/p>\n<p>Ziel ist es, die k\u00f6rperliche Aktivit\u00e4t der Gemeindebewohner zu f\u00f6rdern, vor allem bei den J\u00fcngsten w\u00e4hrend der Sommersaison, und die Interaktion mit anderen Kindern zu f\u00f6rdern, w\u00e4hrend sie einen Tag erleben, der dem Sport mit den besten Fachleuten des Sektors gewidmet ist. So werden herausragende Pers\u00f6nlichkeiten dieser Sportart wie die Sportler Aday Santana, Tom\u00e1s D\u00edaz und \u00c1lvaro Morales, der nationale Betreuer Rub\u00e9n Garc\u00eda oder der regionale Betreuer Oscar Dom\u00ednguez den Teilnehmern alles \u00fcber die Welt des Paddle-Tennis beibringen.   <\/p>\n<p>Der B\u00fcrgermeister von La Oliva, Isa\u00ed Blanco, weist darauf hin, wie wichtig es ist, die k\u00f6rperliche Bet\u00e4tigung junger Menschen auch im Sommer zu f\u00f6rdern: \u201eEs ist wichtig, den Sport unter den Jugendlichen der Gemeinde auch in den schulfreien Monaten zu f\u00f6rdern. Viele von ihnen kommen nur w\u00e4hrend des Schuljahres in den Genuss von Sport, und deshalb ist es wichtig, diese Art von Aktivit\u00e4ten auch im Juli und August zu f\u00f6rdern\u201c.<\/p>\n<p>Die Stadtr\u00e4tin f\u00fcr Sport, Gleiber Carre\u00f1o, sagte: \u201eDer Stadtrat wird weiterhin die F\u00f6rderung des Sports in all seinen Formen unterst\u00fctzen. Wir sind sehr stolz darauf, dass es in unserer Gemeinde immer mehr Angebote f\u00fcr verschiedene k\u00f6rperliche Aktivit\u00e4ten gibt, die sich nicht nur an Erwachsene, sondern auch an unsere Jugend richten\u201c.<\/p>\n<p>Melden Sie sich \u00fcber den folgenden Link an: <br \/>mahox.es\/formulario-de-inscripcion<\/p>\n","protected":false},"excerpt":{"rendered":"<p><span>Vom 14. bis 19. Juli stehen in der n\u00f6rdlichen Stadt Fachkurse, k\u00f6rperliches Training, Verlosungen, Spiele und andere \u00dcberraschungen auf dem Programm.<\/span><\/p>\n","protected":false},"author":1,"featured_media":5511,"comment_status":"open","ping_status":"open","sticky":false,"template":"","format":"standard","meta":{"inline_featured_image":false,"jnews-multi-image_gallery":[],"jnews_single_post":[],"jnews_primary_category":[],"jnews_social_meta":[],"jnews_override_counter":[],"jnews_post_split":[],"footnotes":""},"categories":[291],"tags":[351],"class_list":["post-5514","post","type-post","status-publish","format-standard","has-post-thumbnail","hentry","category-la-oliva-de","tag-la-oliva-de"],"jetpack_featured_media_url":"https:\/\/informacionlocal.es\/wp-content\/uploads\/2025\/06\/5215_60094548.png","_links":{"self":[{"href":"https:\/\/informacionlocal.es\/de\/wp-json\/wp\/v2\/posts\/5514","targetHints":{"allow":["GET"]}}],"collection":[{"href":"https:\/\/informacionlocal.es\/de\/wp-json\/wp\/v2\/posts"}],"about":[{"href":"https:\/\/informacionlocal.es\/de\/wp-json\/wp\/v2\/types\/post"}],"author":[{"embeddable":true,"href":"https:\/\/informacionlocal.es\/de\/wp-json\/wp\/v2\/users\/1"}],"replies":[{"embeddable":true,"href":"https:\/\/informacionlocal.es\/de\/wp-json\/wp\/v2\/comments?post=5514"}],"version-history":[{"count":0,"href":"https:\/\/informacionlocal.es\/de\/wp-json\/wp\/v2\/posts\/5514\/revisions"}],"wp:featuredmedia":[{"embeddable":true,"href":"https:\/\/informacionlocal.es\/de\/wp-json\/wp\/v2\/media\/5511"}],"wp:attachment":[{"href":"https:\/\/informacionlocal.es\/de\/wp-json\/wp\/v2\/media?parent=5514"}],"wp:term":[{"taxonomy":"category","embeddable":true,"href":"https:\/\/informacionlocal.es\/de\/wp-json\/wp\/v2\/categories?post=5514"},{"taxonomy":"post_tag","embeddable":true,"href":"https:\/\/informacionlocal.es\/de\/wp-json\/wp\/v2\/tags?post=5514"}],"curies":[{"name":"wp","href":"https:\/\/api.w.org\/{rel}","templated":true}]}}