{"id":5489,"date":"2025-06-14T09:21:08","date_gmt":"2025-06-14T09:21:08","guid":{"rendered":"https:\/\/informacionlocal.es\/feuer-taenze-unter-freiem-himmel-und-ein-grosses-lagerfeuer-bei-den-fiestas-de-san-juan-in-pozo-negro\/"},"modified":"2025-06-14T09:21:08","modified_gmt":"2025-06-14T09:21:08","slug":"feuer-taenze-unter-freiem-himmel-und-ein-grosses-lagerfeuer-bei-den-fiestas-de-san-juan-in-pozo-negro","status":"publish","type":"post","link":"https:\/\/informacionlocal.es\/de\/feuer-taenze-unter-freiem-himmel-und-ein-grosses-lagerfeuer-bei-den-fiestas-de-san-juan-in-pozo-negro\/","title":{"rendered":"Feuer, T\u00e4nze unter freiem Himmel und ein gro\u00dfes Lagerfeuer bei den Fiestas de San Juan in Pozo Negro"},"content":{"rendered":"<div class=\"elementor-widget-container\">\n<p><strong>Feuer, T\u00e4nze unter freiem Himmel und ein gro\u00dfes Lagerfeuer bei den Fiestas de San Juan in Pozo Negro<\/strong><\/p>\n<p><strong>&#8211; Das Bild von San Juan kehrt nach Pozo Negro zur\u00fcck, um die Festlichkeiten und die Prozession an der K\u00fcste zu feiern.  <\/strong><br \/><strong>&#8211; Der Seemann Jacinto P\u00e9rez er\u00f6ffnet die Fiestas mit einer Er\u00f6ffnungsrede am Donnerstag, den 19. Juni um 20:00 Uhr, gefolgt von der traditionellen Sardinada.<\/strong><\/p>\n<p>Von Donnerstag, dem 19. Juni, bis Montag, dem 23. Juni, wird Pozo Negro f\u00fcr das Patronatsfest zu Ehren des Heiligen Juan herausgeputzt. Der Heilige, der allen Feierlichkeiten vorsteht, wird am Sonntag, dem 22. Juni, ab 13.30 Uhr die Hauptrolle bei der zweiten K\u00fcstenprozession dieser Stadt am Meer spielen.<\/p>\n<p>Die Fiestas de San Juan in Pozo Negro werden von einem in der Stadt geborenen Ausrufer initiiert, dessen Leben als Seemann ihn dazu gebracht hat, die Entwicklung eines so einzigartigen und vertrauten Ortes wie Pozo Negro zu beobachten und eine f\u00fchrende Rolle dabei zu spielen, sagt B\u00fcrgermeister Mat\u00edas Pe\u00f1a Garc\u00eda, dem ersten nat\u00fcrlichen Hafen der Insel und dem Strand so vieler Familien in der Gemeinde.<\/p>\n<p>Das Ayuntamiento de Antigua von der Concejal\u00eda de Fiestas bietet ein intensives Programm an, k\u00fcndigt der Stadtrat der Region, Pedro M. Armas Mart\u00edn, an, beginnend mit der Er\u00f6ffnungsrede, gefolgt von der traditionellen Sardinada, die bei allen Teilnehmern beliebt ist.<\/p>\n<p>Am Freitag, so der Stadtrat weiter, werden wir ab 21:00 Uhr die Auftritte des Duo Fantas\u00eda genie\u00dfen k\u00f6nnen, gefolgt von der bekannten Gruppe Mejor con Copas und zum Abschluss des Abends mit dem Orchester Estrella Latina.<\/p>\n<p>Die Kinder werden sich am Samstag ab 12:00 Uhr am\u00fcsieren, und am Nachmittag ist die ganze Familie eingeladen, an der Zumba Master Class, dem DJ Clandestina und zur Geisterstunde an der pyrotechnischen Ausstellung zu Wasser und zu Lande teilzunehmen, die das Eisenkraut mit Grupo Kalibre und Gente Nueva ank\u00fcndigt.<\/p>\n<p>Das zweite Jahr in Folge feiert Pozo Negro am Sonntagmittag eine K\u00fcstenprozession zu Ehren von San Juan, an der das ganze Dorf teilnimmt und bei der die Parrandera auftritt.<\/p>\n<p>Nat\u00fcrlich, f\u00fcgt der Stadtrat Pedro M. Armas hinzu, wird es das gro\u00dfe Lagerfeuer geben, das f\u00fcr die Nacht von San Juan am Montag, den 23. vorbereitet wird, dem in diesem Jahr die Tanz-Ouvert\u00fcre der Akademie Entresiluetas und das magische Ritual und die gute Energie des Schamanen der Kanarischen Inseln, Jos\u00e9 Luis Ferrer, vorausgehen.<\/p>\n<\/div>\n","protected":false},"excerpt":{"rendered":"<p><strong>Feuer, T\u00e4nze unter freiem Himmel und ein gro\u00dfes Lagerfeuer bei den Fiestas de San Juan in Pozo Negro<\/strong><\/p>\n","protected":false},"author":1,"featured_media":5487,"comment_status":"open","ping_status":"open","sticky":false,"template":"","format":"standard","meta":{"inline_featured_image":false,"jnews-multi-image_gallery":[],"jnews_single_post":[],"jnews_primary_category":[],"jnews_social_meta":[],"jnews_override_counter":[],"jnews_post_split":[],"footnotes":""},"categories":[283],"tags":[],"class_list":["post-5489","post","type-post","status-publish","format-standard","has-post-thumbnail","hentry","category-antigua-de"],"jetpack_featured_media_url":"https:\/\/informacionlocal.es\/wp-content\/uploads\/2025\/06\/fiestas-pozo-negro-2025-1.jpg","_links":{"self":[{"href":"https:\/\/informacionlocal.es\/de\/wp-json\/wp\/v2\/posts\/5489","targetHints":{"allow":["GET"]}}],"collection":[{"href":"https:\/\/informacionlocal.es\/de\/wp-json\/wp\/v2\/posts"}],"about":[{"href":"https:\/\/informacionlocal.es\/de\/wp-json\/wp\/v2\/types\/post"}],"author":[{"embeddable":true,"href":"https:\/\/informacionlocal.es\/de\/wp-json\/wp\/v2\/users\/1"}],"replies":[{"embeddable":true,"href":"https:\/\/informacionlocal.es\/de\/wp-json\/wp\/v2\/comments?post=5489"}],"version-history":[{"count":0,"href":"https:\/\/informacionlocal.es\/de\/wp-json\/wp\/v2\/posts\/5489\/revisions"}],"wp:featuredmedia":[{"embeddable":true,"href":"https:\/\/informacionlocal.es\/de\/wp-json\/wp\/v2\/media\/5487"}],"wp:attachment":[{"href":"https:\/\/informacionlocal.es\/de\/wp-json\/wp\/v2\/media?parent=5489"}],"wp:term":[{"taxonomy":"category","embeddable":true,"href":"https:\/\/informacionlocal.es\/de\/wp-json\/wp\/v2\/categories?post=5489"},{"taxonomy":"post_tag","embeddable":true,"href":"https:\/\/informacionlocal.es\/de\/wp-json\/wp\/v2\/tags?post=5489"}],"curies":[{"name":"wp","href":"https:\/\/api.w.org\/{rel}","templated":true}]}}