{"id":5478,"date":"2025-06-13T20:53:08","date_gmt":"2025-06-13T20:53:08","guid":{"rendered":"https:\/\/informacionlocal.es\/puerto-del-rosario-bringt-die-informationsveranstaltungen-zum-katalog-des-kulturerbes-in-die-doerfer-und-stadtteile-der-gemeinde\/"},"modified":"2025-06-13T20:53:08","modified_gmt":"2025-06-13T20:53:08","slug":"puerto-del-rosario-bringt-die-informationsveranstaltungen-zum-katalog-des-kulturerbes-in-die-doerfer-und-stadtteile-der-gemeinde","status":"publish","type":"post","link":"https:\/\/informacionlocal.es\/de\/puerto-del-rosario-bringt-die-informationsveranstaltungen-zum-katalog-des-kulturerbes-in-die-doerfer-und-stadtteile-der-gemeinde\/","title":{"rendered":"Puerto del Rosario bringt die Informationsveranstaltungen zum Katalog des Kulturerbes in die D\u00f6rfer und Stadtteile der Gemeinde."},"content":{"rendered":"<div class=\"entry-content\">\n<p><strong> <\/strong><strong>Der Stadtrat verst\u00e4rkt sein Engagement f\u00fcr die B\u00fcrgerbeteiligung, indem er die Information und den Dialog n\u00e4her an die einzelnen Bev\u00f6lkerungszentren heranbringt.<\/strong><\/p>\n<p>Die Stadtverwaltung von Puerto del Rosario macht weiterhin Fortschritte bei der \u00f6ffentlichen Ausstellung des <strong>Katalogs zum Schutz des Kulturerbes und der Kulturg\u00fcter der Gemeinde<\/strong>, einem strategischen Dokument, das das historische, architektonische, ethnographische, arch\u00e4ologische, pal\u00e4ontologische und landschaftliche Erbe der Gemeinde organisiert, sch\u00fctzt und aufwertet.<\/p>\n<p>Im Rahmen dieser Initiative und mit dem Ziel, eine wirksame Beteiligung der Bev\u00f6lkerung zu f\u00f6rdern, hat die lokale Institution eine Reihe von <strong>offenen Informationsveranstaltungen f\u00fcr die Bewohner der D\u00f6rfer und Stadtteile von Puerto del Rosario<\/strong> initiiert. Diese Versammlungen sind ein weiterer Schritt im Rahmen des Engagements der Gemeindeverwaltung f\u00fcr eine enge, zug\u00e4ngliche und transparente Verwaltung, bei der jeder Winkel der Gemeinde eine Stimme und eine Pr\u00e4senz hat. <\/p>\n<p><strong>Partizipation, ein Pfeiler einer integrativen Kulturerbepolitik<\/strong><\/p>\n<p><strong> <\/strong>Der B\u00fcrgermeister von Puerto del Rosario, <strong>David de Vera<\/strong>, betonte, dass es sich bei diesem Prozess nicht nur um ein juristisches Verfahren handelt, sondern um eine Gelegenheit, eine Stadt gemeinsam mit den B\u00fcrgern aufzubauen: <em>\u201eMit diesem Katalog machen wir einen grundlegenden Schritt, um die Erhaltung des kulturellen und nat\u00fcrlichen Erbes unserer Gemeinde zu gew\u00e4hrleisten. Aber wir wollen das nicht aus der Ferne tun. Deshalb gehen wir in die St\u00e4dte und Viertel, damit jeder Nachbar dieses Planungsinstrument kennenlernen, seine Meinung \u00e4u\u00dfern und sich als aktiver Teil dieses gemeinsamen Fortschritts f\u00fchlen kann\u201c.<\/em><\/p>\n<p><em> <\/em>De Vera betonte, dass diese offenen Treffen es erm\u00f6glichen, dass der Katalog nicht nur ein technisches Dokument ist, sondern das Ergebnis eines Dialogs mit denjenigen, die ihre Umgebung am besten kennen: den Bewohnern unserer St\u00e4dte und Stadtteile <em>: \u201eWir st\u00e4rken unsere Identit\u00e4t als Volk und sorgen daf\u00fcr, dass auch k\u00fcnftige Generationen die Werte unseres Erbes kennen und genie\u00dfen k\u00f6nnen. Und das ist nur m\u00f6glich, wenn wir die D\u00f6rfer und Nachbarschaften in den Prozess einbeziehen\u201c.<\/em><\/p>\n<p>Der Stadtrat f\u00fcr historisches Erbe, <strong>David de Le\u00f3n<\/strong>, wies seinerseits darauf hin, dass der Katalog 843 Kulturg\u00fcter in der Gemeinde umfasst und dass die Phase der \u00f6ffentlichen Ausstellung der Schl\u00fcssel ist, um das Dokument mit Beitr\u00e4gen der B\u00fcrger zu bereichern: <em>\u201eDieser Katalog klassifiziert und sch\u00fctzt nicht nur unsere Kulturg\u00fcter, sondern schafft auch eine strenge technische Grundlage, die es dem Stadtrat erm\u00f6glicht, bei der st\u00e4dtischen und territorialen Entwicklung mit mehr Verantwortung und Sensibilit\u00e4t zu handeln\u201c.<\/em><\/p>\n<p><em> <\/em><em>Es ist ein offener und partizipatorischer Prozess&#8220;, f\u00fcgt er hinzu, &#8222;und wir laden alle B\u00fcrgerinnen und B\u00fcrger ein, sich einzubringen, einen Beitrag zu leisten und uns zu helfen, das zu bewahren, was uns als Gemeinschaft ausmacht. Und das beginnt damit, dass wir in den St\u00e4dten und Gemeinden pr\u00e4sent sind, von Angesicht zu Angesicht erkl\u00e4ren, Zweifel ausr\u00e4umen und Ideen sammeln&#8220;.<\/em><\/p>\n<p><strong>Termine und Orte der \u00f6ffentlichen Sitzungen<\/strong><\/p>\n<p><strong> <\/strong>Die Informationsveranstaltungen werden in den kommenden Tagen dezentral an verschiedenen \u00f6ffentlichen Orten in der Gemeinde stattfinden:<\/p>\n<ul>\n<li><strong>Montag, 16. Juni, 18:00 Uhr<\/strong> &#8211; Bibliothek von Puerto del Rosario.<\/li>\n<li><strong>Dienstag, 17. Juni, 18:00 Uhr<\/strong> &#8211; Kulturzentrum von Tetir.<\/li>\n<li><strong>Mittwoch, 18. Juni, 18:00 Uhr<\/strong> &#8211; Kulturzentrum Casillas del \u00c1ngel.<\/li>\n<li><strong>Donnerstag, 19. Juni, 18:00 Uhr<\/strong> &#8211; Kulturzentrum von Tef\u00eda.<\/li>\n<\/ul>\n<p>Au\u00dferdem k\u00f6nnen die B\u00fcrger das vollst\u00e4ndige Dokument im neuen <strong>Informationsb\u00fcro des St\u00e4dtischen Schutzkatalogs<\/strong> in der <strong>Calle Doctor Mena Nr. 2<\/strong> in Puerto del Rosario einsehen.<br \/>\u00d6ffnungszeiten: <strong>Montag bis Freitag von 10:00 bis 14:00 Uhr und von 17:00 bis 20:00 Uhr<\/strong>.<\/p>\n<p>Er ist auch online auf dem Webportal<strong>catalogo.puertodelrosario.org<\/strong> verf\u00fcgbar, und es wurde eine Hotline eingerichtet (w\u00e4hrend der B\u00fcrozeiten): <strong>623 957 810<\/strong>.<\/p>\n<\/p>\n<\/p>\n<\/p>\n<p><strong> <\/strong><\/p>\n<\/p>\n<p><strong>Ein lebendiger, zukunftsorientierter Prozess<\/strong><\/p>\n<p><strong> <\/strong><\/p>\n<p>Das Rathaus weist darauf hin, dass w\u00e4hrend des Zeitraums der \u00f6ffentlichen Ausstellung, der einen Monat ab der Ver\u00f6ffentlichung im Amtsblatt der Kanarischen Inseln dauert, Behauptungen und Vorschl\u00e4ge vorgebracht werden k\u00f6nnen. Dieser Prozess stellt eine historische Gelegenheit f\u00fcr die B\u00fcrger aller Gemeinden und Stadtteile dar, eine f\u00fchrende Rolle bei der Festlegung der Zukunft des Erbes von Puerto del Rosario zu spielen. <\/p>\n<\/div>\n","protected":false},"excerpt":{"rendered":"<p>Der Stadtrat verst\u00e4rkt sein Engagement f\u00fcr die B\u00fcrgerbeteiligung, indem er die Information und den Dialog n\u00e4her an die einzelnen Bev\u00f6lkerungszentren heranbringt. Die Stadtverwaltung von Puerto del Rosario macht weiterhin Fortschritte [&hellip;]<\/p>\n","protected":false},"author":1,"featured_media":5475,"comment_status":"open","ping_status":"open","sticky":false,"template":"","format":"standard","meta":{"inline_featured_image":false,"jnews-multi-image_gallery":[],"jnews_single_post":[],"jnews_primary_category":[],"jnews_social_meta":[],"jnews_override_counter":[],"jnews_post_split":[],"footnotes":""},"categories":[293],"tags":[],"class_list":["post-5478","post","type-post","status-publish","format-standard","has-post-thumbnail","hentry","category-puerto-del-rosario-de"],"jetpack_featured_media_url":"https:\/\/informacionlocal.es\/wp-content\/uploads\/2025\/06\/catalogo-titu-alcalde-y-de-leon-scaled-1.jpg","_links":{"self":[{"href":"https:\/\/informacionlocal.es\/de\/wp-json\/wp\/v2\/posts\/5478","targetHints":{"allow":["GET"]}}],"collection":[{"href":"https:\/\/informacionlocal.es\/de\/wp-json\/wp\/v2\/posts"}],"about":[{"href":"https:\/\/informacionlocal.es\/de\/wp-json\/wp\/v2\/types\/post"}],"author":[{"embeddable":true,"href":"https:\/\/informacionlocal.es\/de\/wp-json\/wp\/v2\/users\/1"}],"replies":[{"embeddable":true,"href":"https:\/\/informacionlocal.es\/de\/wp-json\/wp\/v2\/comments?post=5478"}],"version-history":[{"count":0,"href":"https:\/\/informacionlocal.es\/de\/wp-json\/wp\/v2\/posts\/5478\/revisions"}],"wp:featuredmedia":[{"embeddable":true,"href":"https:\/\/informacionlocal.es\/de\/wp-json\/wp\/v2\/media\/5475"}],"wp:attachment":[{"href":"https:\/\/informacionlocal.es\/de\/wp-json\/wp\/v2\/media?parent=5478"}],"wp:term":[{"taxonomy":"category","embeddable":true,"href":"https:\/\/informacionlocal.es\/de\/wp-json\/wp\/v2\/categories?post=5478"},{"taxonomy":"post_tag","embeddable":true,"href":"https:\/\/informacionlocal.es\/de\/wp-json\/wp\/v2\/tags?post=5478"}],"curies":[{"name":"wp","href":"https:\/\/api.w.org\/{rel}","templated":true}]}}