{"id":5466,"date":"2025-06-13T13:04:22","date_gmt":"2025-06-13T13:04:22","guid":{"rendered":"https:\/\/informacionlocal.es\/das-rathaus-von-pajara-foerdert-die-weiterbildung-mit-einem-breiten-angebot-an-online-und-praesenzkursen\/"},"modified":"2025-06-13T13:04:22","modified_gmt":"2025-06-13T13:04:22","slug":"das-rathaus-von-pajara-foerdert-die-weiterbildung-mit-einem-breiten-angebot-an-online-und-praesenzkursen","status":"publish","type":"post","link":"https:\/\/informacionlocal.es\/de\/das-rathaus-von-pajara-foerdert-die-weiterbildung-mit-einem-breiten-angebot-an-online-und-praesenzkursen\/","title":{"rendered":"Das Rathaus von P\u00e1jara f\u00f6rdert die Weiterbildung mit einem breiten Angebot an Online- und Pr\u00e4senzkursen."},"content":{"rendered":"<div class=\"entry-content\">\n<p><b><i>Zu den Aktivit\u00e4ten geh\u00f6ren Kurse in mobiler Fotografie, emotionaler Intelligenz, Canva und \u00f6ffentlichem Sprechen, um die F\u00e4higkeiten der B\u00fcrger der Gemeinde zu verbessern.<\/i><\/b><\/p>\n<p><span>Die Stadtverwaltung von P\u00e1jara k\u00fcndigt \u00fcber die Abteilung f\u00fcr lokale Entwicklung, Ausbildung und Besch\u00e4ftigung unter der Leitung von Stadtr\u00e4tin Luc\u00eda Darriba den Start einer neuen Reihe von Schulungskursen f\u00fcr diesen Sommer an. Das Angebot umfasst vier Online-Kurse und einen Pr\u00e4senzkurs, die darauf abzielen, die beruflichen und pers\u00f6nlichen F\u00e4higkeiten der B\u00fcrger der Gemeinde zu verbessern.   <\/span><\/p>\n<p><span>Die Stadtr\u00e4tin unterstreicht die Bedeutung dieser Initiative. \u201eUnser Ziel ist es, Instrumente anzubieten, die die Verbesserung der F\u00e4higkeiten und der Besch\u00e4ftigungsf\u00e4higkeit unserer Nachbarn erleichtern\u201c, sagt sie. Sie f\u00fcgt hinzu, dass \u201ewir ein abwechslungsreiches Programm entwickelt haben, das sich an die aktuellen Bed\u00fcrfnisse des Arbeitsmarktes anpasst und auch die Flexibilit\u00e4t von Online-Schulungen erm\u00f6glicht\u201c.  <\/span><\/p>\n<p><span>Das Online-Programm beginnt am 16. Juni mit dem Kurs \u201eFotografieren mit dem Handy\u201c, einem 30-st\u00fcndigen Workshop, der bis zum 30. Juni l\u00e4uft und in dem die Teilnehmer lernen, wie sie mit ihren Ger\u00e4ten beeindruckende Bilder machen k\u00f6nnen. Am 30. Juni folgt der Kurs \u201eEmotionale Intelligenz\u201c, ein 50-st\u00fcndiges Programm, das am 20. Juli endet und sich auf den Umgang mit Emotionen und die Verbesserung zwischenmenschlicher Beziehungen konzentriert.   <\/span><\/p>\n<p><span>F\u00fcr alle, die sich f\u00fcr Design interessieren, findet vom 23. Juni bis zum 7. Juli der 30-st\u00fcndige Kurs \u201eCanva nutzen und kreativ sein\u201c statt, in dem der Schl\u00fcssel zur Beherrschung dieses beliebten Tools vermittelt wird. Am 7. Juli schlie\u00dflich beginnt der 50-st\u00fcndige Intensivkurs \u201eDer Wert der eigenen Person\u201c, der bis zum 28. Juli l\u00e4uft und der Selbsterkenntnis und der St\u00e4rkung des pers\u00f6nlichen Vertrauens gewidmet ist.   <\/span><\/p>\n<p><span>Zum anderen wurde ein wichtiger Kurs zur Entwicklung von Kommunikationsf\u00e4higkeiten unter dem Motto \u201eWie man in der \u00d6ffentlichkeit spricht\u201c angesetzt. Dieser 8-st\u00fcndige Intensiv-Workshop findet am 9. und 10. Juli statt und vermittelt die notwendigen Techniken f\u00fcr eine effektive Kommunikation und die \u00dcberwindung von Lampenfieber. <\/span><\/p>\n<p><img decoding=\"async\" class=\"alignnone size-full wp-image-20512\" src=\"https:\/\/informacionlocal.es\/wp-content\/uploads\/2025\/06\/canva.jpg\" width=\"206\" height=\"206\" title=\"canva\"><img fetchpriority=\"high\" decoding=\"async\" class=\"alignnone size-medium wp-image-20513\" src=\"https:\/\/informacionlocal.es\/wp-content\/uploads\/2025\/06\/como-hablar-en-publico-300x212-1.jpg\" width=\"300\" height=\"212\" title=\"como-hablar-en-publico-300x212-1\"><img decoding=\"async\" class=\"alignnone size-medium wp-image-20514\" src=\"https:\/\/informacionlocal.es\/wp-content\/uploads\/2025\/06\/el-valor-de-uno-mismo-300x210-1.jpg\" width=\"300\" height=\"210\" title=\"el-valor-de-uno-mismo-300x210-1\"><img loading=\"lazy\" decoding=\"async\" loading=\"lazy\" class=\"alignnone size-medium wp-image-20515\" src=\"https:\/\/informacionlocal.es\/wp-content\/uploads\/2025\/06\/fotografia-300x212-1.jpg\" width=\"300\" height=\"212\" title=\"photography-300x212-1\"><img loading=\"lazy\" decoding=\"async\" loading=\"lazy\" class=\"alignnone size-medium wp-image-20516\" src=\"https:\/\/informacionlocal.es\/wp-content\/uploads\/2025\/06\/inteligencia-emocional-300x210-1.jpg\" width=\"300\" height=\"210\" title=\"inteligencia-emocional-300x210-1\"><\/p>\n<\/div>\n","protected":false},"excerpt":{"rendered":"<p><i>Zu den Aktivit\u00e4ten geh\u00f6ren Kurse in mobiler Fotografie, emotionaler Intelligenz, Canva und \u00f6ffentlichem Sprechen, um die F\u00e4higkeiten der B\u00fcrger der Gemeinde zu verbessern.<\/i><\/p>\n","protected":false},"author":1,"featured_media":5443,"comment_status":"open","ping_status":"open","sticky":false,"template":"","format":"standard","meta":{"inline_featured_image":false,"jnews-multi-image_gallery":[],"jnews_single_post":[],"jnews_primary_category":[],"jnews_social_meta":[],"jnews_override_counter":[],"jnews_post_split":[],"footnotes":""},"categories":[297],"tags":[],"class_list":["post-5466","post","type-post","status-publish","format-standard","has-post-thumbnail","hentry","category-pajara-de"],"jetpack_featured_media_url":"https:\/\/informacionlocal.es\/wp-content\/uploads\/2025\/06\/cursos-e1749818312188.png","_links":{"self":[{"href":"https:\/\/informacionlocal.es\/de\/wp-json\/wp\/v2\/posts\/5466","targetHints":{"allow":["GET"]}}],"collection":[{"href":"https:\/\/informacionlocal.es\/de\/wp-json\/wp\/v2\/posts"}],"about":[{"href":"https:\/\/informacionlocal.es\/de\/wp-json\/wp\/v2\/types\/post"}],"author":[{"embeddable":true,"href":"https:\/\/informacionlocal.es\/de\/wp-json\/wp\/v2\/users\/1"}],"replies":[{"embeddable":true,"href":"https:\/\/informacionlocal.es\/de\/wp-json\/wp\/v2\/comments?post=5466"}],"version-history":[{"count":0,"href":"https:\/\/informacionlocal.es\/de\/wp-json\/wp\/v2\/posts\/5466\/revisions"}],"wp:featuredmedia":[{"embeddable":true,"href":"https:\/\/informacionlocal.es\/de\/wp-json\/wp\/v2\/media\/5443"}],"wp:attachment":[{"href":"https:\/\/informacionlocal.es\/de\/wp-json\/wp\/v2\/media?parent=5466"}],"wp:term":[{"taxonomy":"category","embeddable":true,"href":"https:\/\/informacionlocal.es\/de\/wp-json\/wp\/v2\/categories?post=5466"},{"taxonomy":"post_tag","embeddable":true,"href":"https:\/\/informacionlocal.es\/de\/wp-json\/wp\/v2\/tags?post=5466"}],"curies":[{"name":"wp","href":"https:\/\/api.w.org\/{rel}","templated":true}]}}