{"id":5434,"date":"2025-06-13T12:18:38","date_gmt":"2025-06-13T12:18:38","guid":{"rendered":"https:\/\/informacionlocal.es\/konzert-der-emma-musikschule-im-auditorium-von-antigua\/"},"modified":"2025-06-13T12:18:38","modified_gmt":"2025-06-13T12:18:38","slug":"konzert-der-emma-musikschule-im-auditorium-von-antigua","status":"publish","type":"post","link":"https:\/\/informacionlocal.es\/de\/konzert-der-emma-musikschule-im-auditorium-von-antigua\/","title":{"rendered":"Konzert der EMMA-Musikschule im Auditorium von Antigua"},"content":{"rendered":"<div class=\"elementor-widget-container\">\n<p><strong>Konzert der EMMA-Musikschule im Auditorium von Antigua<\/strong><\/p>\n<p><strong>&#8211; Das Auditorium von Antigua, \u00f6ffentliche B\u00fchne f\u00fcr die Talente, die die St\u00e4dtische Musikschule in all ihren Modalit\u00e4ten beherbergt.  <\/strong><br \/><strong>&#8211; N\u00e4chsten Mittwoch, 18. Juni von 17:00 bis 19:00 Uhr.<\/strong><\/p>\n<p>Die Studenten der Escuela Municipal de M\u00fasica de Antigua, EMMA, geben am kommenden Mittwoch, 18. Juni, von 17:00 bis 19:00 Uhr ein Abschlusskonzert.<\/p>\n<p>Solo- und Gruppendarbietungen werden uns bekannte Themen bieten, um mit Familie, Freunden und Nachbarn das Ende des Schuljahres und den Fr\u00fchling im Auditorium von Antigua gem\u00fctlich zu genie\u00dfen. Domingo Saavedra, der Direktor von EMMA, wird auch dieses Konzert zum Jahresende leiten, zusammen mit den Lehrern, die bei der Koordinierung dieser Veranstaltung helfen. <\/p>\n<p>Die St\u00e4dtische Musikschule ist eine Initiative mit einer gro\u00dfartigen Resonanz in Bezug auf die Anmeldungen von Nachbarn aus allen Teilen der Gemeinde, in allen Altersgruppen, Kindern, Jugendlichen und Erwachsenen, sowie in Bezug auf die verschiedenen angebotenen Modalit\u00e4ten, sagt der B\u00fcrgermeister Mat\u00edas Pe\u00f1a, der die mutige Teilnahme der Musiksch\u00fcler an diesem Abschlusskonzert hervorhebt.<\/p>\n<p>Wir werden S\u00e4nger, Schlagzeuger, Gitarristen, Pianisten, gro\u00dfe und kleine Schlagzeuger, Saxophonisten und eine unendliche Vielfalt von Instrumenten erleben k\u00f6nnen, die sowohl zeigen, was sie gelernt haben, als auch das Potenzial haben, in Zukunft eine eigene Gruppe, eine Parranda oder ein kleines Orchester zu gr\u00fcnden&#8220;, sagt der Stadtrat f\u00fcr Kultur, Jonathan Pe\u00f1a.<\/p>\n<\/div>\n","protected":false},"excerpt":{"rendered":"<p><strong>Konzert der EMMA-Musikschule im Auditorium von Antigua<\/strong><\/p>\n","protected":false},"author":1,"featured_media":5431,"comment_status":"open","ping_status":"open","sticky":false,"template":"","format":"standard","meta":{"inline_featured_image":false,"jnews-multi-image_gallery":[],"jnews_single_post":[],"jnews_primary_category":[],"jnews_social_meta":[],"jnews_override_counter":[],"jnews_post_split":[],"footnotes":""},"categories":[283],"tags":[],"class_list":["post-5434","post","type-post","status-publish","format-standard","has-post-thumbnail","hentry","category-antigua-de"],"jetpack_featured_media_url":"https:\/\/informacionlocal.es\/wp-content\/uploads\/2025\/06\/imagen-de-whatsapp-2025-06-13-a-las-12-59-54_142fa085.jpg","_links":{"self":[{"href":"https:\/\/informacionlocal.es\/de\/wp-json\/wp\/v2\/posts\/5434","targetHints":{"allow":["GET"]}}],"collection":[{"href":"https:\/\/informacionlocal.es\/de\/wp-json\/wp\/v2\/posts"}],"about":[{"href":"https:\/\/informacionlocal.es\/de\/wp-json\/wp\/v2\/types\/post"}],"author":[{"embeddable":true,"href":"https:\/\/informacionlocal.es\/de\/wp-json\/wp\/v2\/users\/1"}],"replies":[{"embeddable":true,"href":"https:\/\/informacionlocal.es\/de\/wp-json\/wp\/v2\/comments?post=5434"}],"version-history":[{"count":0,"href":"https:\/\/informacionlocal.es\/de\/wp-json\/wp\/v2\/posts\/5434\/revisions"}],"wp:featuredmedia":[{"embeddable":true,"href":"https:\/\/informacionlocal.es\/de\/wp-json\/wp\/v2\/media\/5431"}],"wp:attachment":[{"href":"https:\/\/informacionlocal.es\/de\/wp-json\/wp\/v2\/media?parent=5434"}],"wp:term":[{"taxonomy":"category","embeddable":true,"href":"https:\/\/informacionlocal.es\/de\/wp-json\/wp\/v2\/categories?post=5434"},{"taxonomy":"post_tag","embeddable":true,"href":"https:\/\/informacionlocal.es\/de\/wp-json\/wp\/v2\/tags?post=5434"}],"curies":[{"name":"wp","href":"https:\/\/api.w.org\/{rel}","templated":true}]}}