{"id":5422,"date":"2025-06-13T10:13:02","date_gmt":"2025-06-13T10:13:02","guid":{"rendered":"https:\/\/informacionlocal.es\/kanarisches-netzwerk-fuer-beschaeftigungsfaehigkeit-rec-trifft-sich-zum-ersten-mal-in-la-oliva\/"},"modified":"2025-06-13T10:13:02","modified_gmt":"2025-06-13T10:13:02","slug":"kanarisches-netzwerk-fuer-beschaeftigungsfaehigkeit-rec-trifft-sich-zum-ersten-mal-in-la-oliva","status":"publish","type":"post","link":"https:\/\/informacionlocal.es\/de\/kanarisches-netzwerk-fuer-beschaeftigungsfaehigkeit-rec-trifft-sich-zum-ersten-mal-in-la-oliva\/","title":{"rendered":"Kanarisches Netzwerk f\u00fcr Besch\u00e4ftigungsf\u00e4higkeit (REC) trifft sich zum ersten Mal in La Oliva"},"content":{"rendered":"<p>Die Stadtverwaltung von La Oliva veranstaltet \u00fcber die Abteilung f\u00fcr lokale Entwicklung unter der Leitung von Alexandra Mart\u00edn das erste Treffen des kanarischen Netzwerks f\u00fcr Besch\u00e4ftigungsf\u00e4higkeit (REC) in der Gemeinde. Der Plenarsaal des Konsistoriums empf\u00e4ngt das kooperative Arbeitsnetzwerk, das sich f\u00fcr die Verbesserung der Besch\u00e4ftigungsf\u00e4higkeit einsetzt und dabei den heterogenen und multidisziplin\u00e4ren Charakter der Fachleute, aus denen es besteht, nutzt. Zu den Mitgliedern dieser Gruppe geh\u00f6ren Organisationen und Einrichtungen, die im Bereich der Beratung und Besch\u00e4ftigung auf den Kanarischen Inseln t\u00e4tig sind.  <\/p>\n<p>Seit 2022 beteiligt sich die Abteilung f\u00fcr lokale Entwicklung des Stadtrats aktiv am REC von Fuerteventura, zusammen mit anderen \u00f6ffentlichen und privaten Einrichtungen und Gruppen, deren Ziel die Besch\u00e4ftigung und\/oder Selbst\u00e4ndigkeit ist. Dieses Treffen erm\u00f6glicht es nicht nur, die regelm\u00e4\u00dfigen Teamsitzungen fortzusetzen, die alle zwei Monate stattfinden, sondern schafft auch einen Raum, in dem die Teilnahme des REC an den n\u00e4chsten Besch\u00e4ftigungstagen, die vom Konsistorium abgehalten werden, durch verschiedene Vorschl\u00e4ge und Ideen gef\u00f6rdert werden kann, um profitable Tage zu generieren. <\/p>\n<p>Der B\u00fcrgermeister von La Oliva, Isa\u00ed Blanco, dr\u00fcckt die Notwendigkeit aus, die Zusammenarbeit mit der RED fortzusetzen, um die Besch\u00e4ftigungsf\u00e4higkeit der Einwohner der Gemeinde zu verbessern: \u201eVon Seiten des Stadtrats ist es wichtig, weiterhin einen Raum f\u00fcr den Dialog zwischen der Verwaltung und dem Kanarischen Netzwerk f\u00fcr Besch\u00e4ftigungsf\u00e4higkeit zu unterst\u00fctzen, um allen Einwohnern der Gemeinde die Ressourcen zur Verf\u00fcgung zu stellen, die es ihnen erm\u00f6glichen, nicht nur eine Besch\u00e4ftigung zu finden, sondern auch eine, die ihren Anliegen und Interessen n\u00e4her ist\u201c.  <\/p>\n<p>Die Stadtr\u00e4tin f\u00fcr lokale Entwicklung, Alexandra Mart\u00edn, betont: \u201eDie Teilnahme der Gemeinde an diesem Treffen der RED gew\u00e4hrleistet, dass wir aus erster Hand Informationen \u00fcber alle Dienstleistungen erhalten, die es auf Fuerteventura im Bereich der Besch\u00e4ftigung gibt, und dass wir diese Informationen an alle Nutzer weitergeben k\u00f6nnen, die das Gebiet der lokalen Entwicklung durchqueren\u201c.<\/p>\n","protected":false},"excerpt":{"rendered":"<p><span>Ziel ist es, die Integration der Einwohner der Gemeinde in die Arbeitswelt zu verbessern.<\/span><\/p>\n","protected":false},"author":1,"featured_media":5419,"comment_status":"open","ping_status":"open","sticky":false,"template":"","format":"standard","meta":{"inline_featured_image":false,"jnews-multi-image_gallery":[],"jnews_single_post":[],"jnews_primary_category":[],"jnews_social_meta":[],"jnews_override_counter":[],"jnews_post_split":[],"footnotes":""},"categories":[291],"tags":[216],"class_list":["post-5422","post","type-post","status-publish","format-standard","has-post-thumbnail","hentry","category-la-oliva-de","tag-fuerteventura-de"],"jetpack_featured_media_url":"https:\/\/informacionlocal.es\/wp-content\/uploads\/2025\/06\/5214_ae67d96b.png","_links":{"self":[{"href":"https:\/\/informacionlocal.es\/de\/wp-json\/wp\/v2\/posts\/5422","targetHints":{"allow":["GET"]}}],"collection":[{"href":"https:\/\/informacionlocal.es\/de\/wp-json\/wp\/v2\/posts"}],"about":[{"href":"https:\/\/informacionlocal.es\/de\/wp-json\/wp\/v2\/types\/post"}],"author":[{"embeddable":true,"href":"https:\/\/informacionlocal.es\/de\/wp-json\/wp\/v2\/users\/1"}],"replies":[{"embeddable":true,"href":"https:\/\/informacionlocal.es\/de\/wp-json\/wp\/v2\/comments?post=5422"}],"version-history":[{"count":0,"href":"https:\/\/informacionlocal.es\/de\/wp-json\/wp\/v2\/posts\/5422\/revisions"}],"wp:featuredmedia":[{"embeddable":true,"href":"https:\/\/informacionlocal.es\/de\/wp-json\/wp\/v2\/media\/5419"}],"wp:attachment":[{"href":"https:\/\/informacionlocal.es\/de\/wp-json\/wp\/v2\/media?parent=5422"}],"wp:term":[{"taxonomy":"category","embeddable":true,"href":"https:\/\/informacionlocal.es\/de\/wp-json\/wp\/v2\/categories?post=5422"},{"taxonomy":"post_tag","embeddable":true,"href":"https:\/\/informacionlocal.es\/de\/wp-json\/wp\/v2\/tags?post=5422"}],"curies":[{"name":"wp","href":"https:\/\/api.w.org\/{rel}","templated":true}]}}