{"id":5410,"date":"2025-06-12T16:07:46","date_gmt":"2025-06-12T16:07:46","guid":{"rendered":"https:\/\/informacionlocal.es\/das-rathaus-von-pajara-vergibt-die-organisation-von-la-carpa-an-dn7-music\/"},"modified":"2025-06-12T16:07:46","modified_gmt":"2025-06-12T16:07:46","slug":"das-rathaus-von-pajara-vergibt-die-organisation-von-la-carpa-an-dn7-music","status":"publish","type":"post","link":"https:\/\/informacionlocal.es\/de\/das-rathaus-von-pajara-vergibt-die-organisation-von-la-carpa-an-dn7-music\/","title":{"rendered":"Das Rathaus von P\u00e1jara vergibt die Organisation von La Carpa an DN7 Music"},"content":{"rendered":"<div class=\"entry-content\">\n<p><b><i>Die Musikveranstaltung findet vom 17. Juli bis zum 3. August am Strand von Sotavento statt.<\/i><\/b><\/p>\n<p><span>Das Rathaus von P\u00e1jara teilt mit, dass es das Unternehmen DN7 Music mit der Organisation einer der wichtigsten Freizeitveranstaltungen auf den Kanarischen Inseln beauftragt hat: La Carpa de noche, die vom 17. Juli bis zum 3. August an den Str\u00e4nden von Sotavento stattfinden wird.  <\/span><\/p>\n<p><span>La Carpa wird erneut seine Position als Bezugspunkt f\u00fcr das Nachtleben und die Musikkultur auf der Insel festigen und achtzehn aufeinanderfolgende Tage mit Aktivit\u00e4ten, Konzerten und gesellschaftlichen Veranstaltungen anbieten, die zur touristischen, kulturellen und wirtschaftlichen Belebung der Gemeinde beitragen.  <\/span><\/p>\n<p><span>Die st\u00e4dtische Einrichtung dankt den Mitarbeitern der Stadtverwaltung f\u00fcr ihre technische und juristische Arbeit, die es erm\u00f6glicht hat, diesen Prozess rechtzeitig durchzuf\u00fchren und die Transparenz und Qualit\u00e4t der Veranstaltung zu gew\u00e4hrleisten.  <\/span><\/p>\n<p><span>Auch das Rathaus von P\u00e1jara arbeitet weiter daran, dass diese Ausgabe ein organisatorischer Erfolg wird, der sich als Referenz im Freizeitangebot des Archipels festigt und eine positive Wirkung auf Einwohner und Besucher hat.<\/span><\/p>\n<\/div>\n","protected":false},"excerpt":{"rendered":"<p><i>Die Musikveranstaltung findet vom 17. Juli bis zum 3. August am Strand von Sotavento statt.<\/i><\/p>\n","protected":false},"author":1,"featured_media":5407,"comment_status":"open","ping_status":"open","sticky":false,"template":"","format":"standard","meta":{"inline_featured_image":false,"jnews-multi-image_gallery":[],"jnews_single_post":[],"jnews_primary_category":[],"jnews_social_meta":[],"jnews_override_counter":[],"jnews_post_split":[],"footnotes":""},"categories":[297],"tags":[303],"class_list":["post-5410","post","type-post","status-publish","format-standard","has-post-thumbnail","hentry","category-pajara-de","tag-eventos-de"],"jetpack_featured_media_url":"https:\/\/informacionlocal.es\/wp-content\/uploads\/2025\/06\/la-carpa-e1749742272923.jpeg","_links":{"self":[{"href":"https:\/\/informacionlocal.es\/de\/wp-json\/wp\/v2\/posts\/5410","targetHints":{"allow":["GET"]}}],"collection":[{"href":"https:\/\/informacionlocal.es\/de\/wp-json\/wp\/v2\/posts"}],"about":[{"href":"https:\/\/informacionlocal.es\/de\/wp-json\/wp\/v2\/types\/post"}],"author":[{"embeddable":true,"href":"https:\/\/informacionlocal.es\/de\/wp-json\/wp\/v2\/users\/1"}],"replies":[{"embeddable":true,"href":"https:\/\/informacionlocal.es\/de\/wp-json\/wp\/v2\/comments?post=5410"}],"version-history":[{"count":0,"href":"https:\/\/informacionlocal.es\/de\/wp-json\/wp\/v2\/posts\/5410\/revisions"}],"wp:featuredmedia":[{"embeddable":true,"href":"https:\/\/informacionlocal.es\/de\/wp-json\/wp\/v2\/media\/5407"}],"wp:attachment":[{"href":"https:\/\/informacionlocal.es\/de\/wp-json\/wp\/v2\/media?parent=5410"}],"wp:term":[{"taxonomy":"category","embeddable":true,"href":"https:\/\/informacionlocal.es\/de\/wp-json\/wp\/v2\/categories?post=5410"},{"taxonomy":"post_tag","embeddable":true,"href":"https:\/\/informacionlocal.es\/de\/wp-json\/wp\/v2\/tags?post=5410"}],"curies":[{"name":"wp","href":"https:\/\/api.w.org\/{rel}","templated":true}]}}