{"id":5398,"date":"2025-06-12T11:45:14","date_gmt":"2025-06-12T11:45:14","guid":{"rendered":"https:\/\/informacionlocal.es\/jugend-in-bewegung-an-diesem-wochenende-in-antigua\/"},"modified":"2025-06-12T11:45:14","modified_gmt":"2025-06-12T11:45:14","slug":"jugend-in-bewegung-an-diesem-wochenende-in-antigua","status":"publish","type":"post","link":"https:\/\/informacionlocal.es\/de\/jugend-in-bewegung-an-diesem-wochenende-in-antigua\/","title":{"rendered":"Jugend in Bewegung an diesem Wochenende in Antigua"},"content":{"rendered":"<div class=\"elementor-widget-container\">\n<p><strong>Jugend in Bewegung an diesem Wochenende in Antigua<\/strong><\/p>\n<p><strong>&#8211; Jugendmarkt auf der Plaza de Antigua mit einer Vielzahl von Artikeln aus Stoffen, Gem\u00e4lden oder handgefertigten Arbeiten, die an etwa zwanzig St\u00e4nden angeboten werden.  <\/strong><br \/><strong>&#8211; An diesem Samstag, dem 14. und Sonntag, dem 15. Juni, ist die Plaza de Antigua der Ort f\u00fcr junge Leute, die von 12:00 bis 22:00 Uhr Musik, Tanz, DJs, Zumba f\u00fcr alle und sogar Zaubervorf\u00fchrungen genie\u00dfen k\u00f6nnen.<\/strong><\/p>\n<p>An diesem Wochenende ist die Plaza de Antigua der Platz der Jugendlichen, sagt der B\u00fcrgermeister Mat\u00edas Pe\u00f1a, wo sie selbst Ausstellungen, Tanzvorf\u00fchrungen, Musik und sogar Zaubertricks organisieren, mit einem langen Zeitplan von mittags bis zehn Uhr abends.<\/p>\n<p>Eine Initiative, die uns vorgestellt wurde und bei der wir nicht gez\u00f6gert haben, mit dem Jugendministerium zusammenzuarbeiten, sagt der Leiter des Bereichs, Pedro M. Armas.<\/p>\n<p>Die Idee ist, die Veranstaltung verantwortungsvoll zu genie\u00dfen, mit den Jugendlichen selbst, durch Para\u00edso Eventos, die diese Veranstaltung, Jugend in Bewegung in Antigua, mit einem breiten Zeitplan organisieren, der es Ihnen erm\u00f6glicht, zu kommen, zu gehen und zur\u00fcckzukehren, von mittags bis abends an jedem der beiden Tage und zu jeder Zeit des Wochenendes.<\/p>\n<p>Der Stadtrat Pedro M. Armas, l\u00e4dt junge Menschen aus Antigua und anderen Gemeinden zu besuchen, zu beteiligen und zu genie\u00dfen Jugend in Bewegung in Antigua, daran erinnern, dass der Stadtrat ist offen f\u00fcr alle Einwohner und Nachbarn, die unabh\u00e4ngig von Alter f\u00fchlen sich jung, denn an diesem Wochenende ist es \u00fcber das H\u00f6ren oder Singen und Singen, Tanzen, oder folgen Sie den Schritten der Zumba und DJs.<\/p>\n<\/div>\n","protected":false},"excerpt":{"rendered":"<p><strong>Jugend in Bewegung an diesem Wochenende in Antigua<\/strong><\/p>\n","protected":false},"author":1,"featured_media":5395,"comment_status":"open","ping_status":"open","sticky":false,"template":"","format":"standard","meta":{"inline_featured_image":false,"jnews-multi-image_gallery":[],"jnews_single_post":[],"jnews_primary_category":[],"jnews_social_meta":[],"jnews_override_counter":[],"jnews_post_split":[],"footnotes":""},"categories":[283],"tags":[303,196],"class_list":["post-5398","post","type-post","status-publish","format-standard","has-post-thumbnail","hentry","category-antigua-de","tag-eventos-de","tag-gemeinden"],"jetpack_featured_media_url":"https:\/\/informacionlocal.es\/wp-content\/uploads\/2025\/06\/juventud-en-movimiento.jpg","_links":{"self":[{"href":"https:\/\/informacionlocal.es\/de\/wp-json\/wp\/v2\/posts\/5398","targetHints":{"allow":["GET"]}}],"collection":[{"href":"https:\/\/informacionlocal.es\/de\/wp-json\/wp\/v2\/posts"}],"about":[{"href":"https:\/\/informacionlocal.es\/de\/wp-json\/wp\/v2\/types\/post"}],"author":[{"embeddable":true,"href":"https:\/\/informacionlocal.es\/de\/wp-json\/wp\/v2\/users\/1"}],"replies":[{"embeddable":true,"href":"https:\/\/informacionlocal.es\/de\/wp-json\/wp\/v2\/comments?post=5398"}],"version-history":[{"count":0,"href":"https:\/\/informacionlocal.es\/de\/wp-json\/wp\/v2\/posts\/5398\/revisions"}],"wp:featuredmedia":[{"embeddable":true,"href":"https:\/\/informacionlocal.es\/de\/wp-json\/wp\/v2\/media\/5395"}],"wp:attachment":[{"href":"https:\/\/informacionlocal.es\/de\/wp-json\/wp\/v2\/media?parent=5398"}],"wp:term":[{"taxonomy":"category","embeddable":true,"href":"https:\/\/informacionlocal.es\/de\/wp-json\/wp\/v2\/categories?post=5398"},{"taxonomy":"post_tag","embeddable":true,"href":"https:\/\/informacionlocal.es\/de\/wp-json\/wp\/v2\/tags?post=5398"}],"curies":[{"name":"wp","href":"https:\/\/api.w.org\/{rel}","templated":true}]}}