{"id":5386,"date":"2025-06-12T10:46:10","date_gmt":"2025-06-12T10:46:10","guid":{"rendered":"https:\/\/informacionlocal.es\/die-guadelante-canarias-guagua-kommt-in-antigua-an\/"},"modified":"2025-06-12T10:46:10","modified_gmt":"2025-06-12T10:46:10","slug":"die-guadelante-canarias-guagua-kommt-in-antigua-an","status":"publish","type":"post","link":"https:\/\/informacionlocal.es\/de\/die-guadelante-canarias-guagua-kommt-in-antigua-an\/","title":{"rendered":"Die Guadelante Canarias Guagua kommt in Antigua an"},"content":{"rendered":"<div class=\"elementor-widget-container\">\n<p><strong>Die Guadelante Canarias Guagua kommt in Antigua an<\/strong><\/p>\n<p><strong>&#8211; La Guagua de Guadelante Canarias wird von Dienstag, dem 17. Juni, bis Donnerstag, dem 19. Juni, jeweils von 10.00 bis 14.00 Uhr auf der Plaza de Antigua neben den alten Schulen zu finden sein, um \u00fcber Besch\u00e4ftigung, Ausbildung, Zusch\u00fcsse und Verg\u00fcnstigungen sowie \u00fcber die Anerkennung von Qualifikationen und Stipendien zu beraten.  <\/strong><br \/><strong>&#8211; Am kommenden Dienstag, dem 17. Juni, und bis Donnerstag, dem 19. Juni, jeweils von 10.00 bis 14.00 Uhr, veranstaltet die Stiftung Cepaim in den alten Schulen auf dem Platz von Antigua im Rahmen des Projekts Adelante Canarias, das T\u00fcren f\u00fcr Gleichheit und Integration \u00f6ffnet, einen offenen und kostenlosen Schulungstag.<\/strong><\/p>\n<p>Wir haben uns k\u00fcrzlich mit den Verantwortlichen des von der Cepaim-Stiftung gef\u00f6rderten Projekts Guadelante Canarias<br \/>getroffen und ihnen f\u00fcr ihre Initiative und die Wahl von Antigua f\u00fcr die Entwicklung dieses Projekts gedankt&#8220;, sagt B\u00fcrgermeister Mat\u00edas Pe\u00f1a und z\u00e4hlt auf die volle Unterst\u00fctzung des Rathauses von Antigua bei der Organisation des Ausbildungstags in den alten Schulen auf dem Platz von Antigua.<\/p>\n<p>La Guagua de Guadelante Canarias wird von Dienstag, dem 17. Juni, bis Donnerstag, dem 19. Juni, jeweils von 10.00 bis 14.00 Uhr auf der Plaza de Antigua neben den alten Schulen zu finden sein, um \u00fcber Besch\u00e4ftigung, Ausbildung, Zusch\u00fcsse und Verg\u00fcnstigungen sowie \u00fcber die Anerkennung von Qualifikationen und Stipendien zu beraten.<\/p>\n<p>Die Konferenz richtet sich an alle interessierten Personen und insbesondere an diejenigen, die direkt mit der \u00d6ffentlichkeit arbeiten, erkl\u00e4rt die Stadtr\u00e4tin f\u00fcr soziale Dienste Am\u00e9rica Soto Betancor, eine Aktivit\u00e4t, die wir in der Stadtverwaltung von Antigua unterst\u00fctzen, da sie darauf abzielt, Barrieren auch in der Sprache abzubauen und die Integration aller zu verbessern, unabh\u00e4ngig von Geschlecht, F\u00e4higkeiten, Herkunft oder Religion.<\/p>\n<p>Interessierte k\u00f6nnen sich \u00fcber das Mobiltelefon 697211151 informieren, sagt die Sprecherin und Technikerin der Stiftung Cepain, Soledad Valli. Sie erinnert daran, dass wir w\u00e4hrend dieser drei Tage allen Bewohnern zur Verf\u00fcgung stehen werden, um umfassende Unterst\u00fctzung zur Verbesserung der Besch\u00e4ftigungsf\u00e4higkeit und des Wohlergehens durch psychosoziale Betreuung, Berufsberatung und pers\u00f6nliche und berufliche Weiterbildung anzubieten und zu erleichtern.<\/p>\n<p>Am Dienstag, den 17. Februar, um 11.30 Uhr wird das Team von Adelante Canarias einen Workshop zum Thema Chancengleichheit zwischen M\u00e4nnern und Frauen veranstalten, um die Gleichberechtigung aus einer interkulturellen Perspektive zu schulen.<\/p>\n<\/div>\n","protected":false},"excerpt":{"rendered":"<p><strong>Die Guadelante Canarias Guagua kommt in Antigua an<\/strong><\/p>\n","protected":false},"author":1,"featured_media":5383,"comment_status":"open","ping_status":"open","sticky":false,"template":"","format":"standard","meta":{"inline_featured_image":false,"jnews-multi-image_gallery":[],"jnews_single_post":[],"jnews_primary_category":[],"jnews_social_meta":[],"jnews_override_counter":[],"jnews_post_split":[],"footnotes":""},"categories":[283],"tags":[],"class_list":["post-5386","post","type-post","status-publish","format-standard","has-post-thumbnail","hentry","category-antigua-de"],"jetpack_featured_media_url":"https:\/\/informacionlocal.es\/wp-content\/uploads\/2025\/06\/cartel-adelante-canarias-antigua-1.png","_links":{"self":[{"href":"https:\/\/informacionlocal.es\/de\/wp-json\/wp\/v2\/posts\/5386","targetHints":{"allow":["GET"]}}],"collection":[{"href":"https:\/\/informacionlocal.es\/de\/wp-json\/wp\/v2\/posts"}],"about":[{"href":"https:\/\/informacionlocal.es\/de\/wp-json\/wp\/v2\/types\/post"}],"author":[{"embeddable":true,"href":"https:\/\/informacionlocal.es\/de\/wp-json\/wp\/v2\/users\/1"}],"replies":[{"embeddable":true,"href":"https:\/\/informacionlocal.es\/de\/wp-json\/wp\/v2\/comments?post=5386"}],"version-history":[{"count":0,"href":"https:\/\/informacionlocal.es\/de\/wp-json\/wp\/v2\/posts\/5386\/revisions"}],"wp:featuredmedia":[{"embeddable":true,"href":"https:\/\/informacionlocal.es\/de\/wp-json\/wp\/v2\/media\/5383"}],"wp:attachment":[{"href":"https:\/\/informacionlocal.es\/de\/wp-json\/wp\/v2\/media?parent=5386"}],"wp:term":[{"taxonomy":"category","embeddable":true,"href":"https:\/\/informacionlocal.es\/de\/wp-json\/wp\/v2\/categories?post=5386"},{"taxonomy":"post_tag","embeddable":true,"href":"https:\/\/informacionlocal.es\/de\/wp-json\/wp\/v2\/tags?post=5386"}],"curies":[{"name":"wp","href":"https:\/\/api.w.org\/{rel}","templated":true}]}}