{"id":5374,"date":"2025-06-12T09:12:45","date_gmt":"2025-06-12T09:12:45","guid":{"rendered":"https:\/\/informacionlocal.es\/umwelt-und-tourismus-von-la-oliva-entfernen-veraltete-beschilderung-in-der-gemeinde\/"},"modified":"2025-06-12T09:12:45","modified_gmt":"2025-06-12T09:12:45","slug":"umwelt-und-tourismus-von-la-oliva-entfernen-veraltete-beschilderung-in-der-gemeinde","status":"publish","type":"post","link":"https:\/\/informacionlocal.es\/de\/umwelt-und-tourismus-von-la-oliva-entfernen-veraltete-beschilderung-in-der-gemeinde\/","title":{"rendered":"Umwelt und Tourismus von La Oliva entfernen veraltete Beschilderung in der Gemeinde"},"content":{"rendered":"<p>Die Stadtverwaltung von La Oliva hat \u00fcber die Abteilungen Umwelt und Tourismus unter der Leitung von David Fajardo die Entfernung veralteter Schilder in der Gemeinde in Angriff genommen, wobei der Schwerpunkt auf den D\u00f6rfern Corralejo, Los Lajares und El Cotillo liegt. Mit dieser Aktion wird dem Wunsch entsprochen, die visuelle Beeintr\u00e4chtigung durch stillgelegte \u00f6ffentliche und private Schilder in den verschiedenen D\u00f6rfern der Region zu beseitigen. <\/p>\n<p>Die veraltete Beschilderung, die keine Wegweiserfunktion mehr erf\u00fcllt, erzeugt f\u00fcr Einheimische und Besucher viel visuellen L\u00e4rm und wird zu Abfall in der Gemeinde. In diesem Sinne haben die Umweltarbeiter bereits mit dieser Aktion begonnen, die im Laufe der Zeit fortgesetzt wird, um diese Art von Abfall zu beseitigen und so die Sauberkeit und Pflege des Gebiets zu f\u00f6rdern.   <\/p>\n<p>Der B\u00fcrgermeister von La Oliva, Isa\u00ed Blanco, sagt: \u201eF\u00fcr uns hat die Arbeit des Amtes f\u00fcr Umwelt und Tourismus weiterhin Priorit\u00e4t, denn die Pflege unserer Umwelt ist eine Tatsache, die wir sowohl f\u00fcr die Einheimischen als auch f\u00fcr die Besucher des Ortes nicht \u00fcbersehen k\u00f6nnen. Die Beseitigung der veralteten Beschilderung ist zweifellos eine Verbesserung des Images unserer Gemeinde, da wir diese nutzlosen Elemente beseitigen, die unsere D\u00f6rfer verschandeln und eine Verschwendung f\u00fcr die nat\u00fcrliche Umwelt darstellen\u201c.  <\/p>\n<p>Der Stadtrat f\u00fcr Umwelt und Tourismus, David Fajardo, unterstreicht seinerseits die Notwendigkeit einer st\u00e4ndigen \u00dcberwachung dieser Art von Elementen: \u201eDie Betreiber des Gebietes werden eine regelm\u00e4\u00dfige Arbeit hinsichtlich der Entfernung von \u00f6ffentlichen und privaten Plakaten, die veraltet sind, durchf\u00fchren. Aus Sicht des Stadtrates ist dies eine sehr wichtige Ma\u00dfnahme, da die Beseitigung dieser Art von Abfall das Image unserer Gemeinde zugunsten einer sauberen, gepflegten und naturbewussten Umwelt verbessert\u201c.  <\/p>\n<p>Au\u00dferdem: \u201eDurch die gemeinsame Arbeit beider R\u00e4te markieren wir einmal mehr unser Identit\u00e4tssiegel in La Oliva, in dem wir keinen Tourismus oder irgendeine andere Handlung in Erw\u00e4gung ziehen, die nicht bewusst und verantwortungsvoll mit unserer nat\u00fcrlichen Umwelt umgeht\u201c, betont Fajardo.<\/p>\n","protected":false},"excerpt":{"rendered":"<p><span>Ziel ist es, die visuellen Auswirkungen f\u00fcr Einheimische und Besucher des Gebiets zu verringern.<\/span><\/p>\n","protected":false},"author":1,"featured_media":5371,"comment_status":"open","ping_status":"open","sticky":false,"template":"","format":"standard","meta":{"inline_featured_image":false,"jnews-multi-image_gallery":[],"jnews_single_post":[],"jnews_primary_category":[],"jnews_social_meta":[],"jnews_override_counter":[],"jnews_post_split":[],"footnotes":""},"categories":[291],"tags":[199],"class_list":["post-5374","post","type-post","status-publish","format-standard","has-post-thumbnail","hentry","category-la-oliva-de","tag-umwelt"],"jetpack_featured_media_url":"https:\/\/informacionlocal.es\/wp-content\/uploads\/2025\/06\/5213_c78016d6.png","_links":{"self":[{"href":"https:\/\/informacionlocal.es\/de\/wp-json\/wp\/v2\/posts\/5374","targetHints":{"allow":["GET"]}}],"collection":[{"href":"https:\/\/informacionlocal.es\/de\/wp-json\/wp\/v2\/posts"}],"about":[{"href":"https:\/\/informacionlocal.es\/de\/wp-json\/wp\/v2\/types\/post"}],"author":[{"embeddable":true,"href":"https:\/\/informacionlocal.es\/de\/wp-json\/wp\/v2\/users\/1"}],"replies":[{"embeddable":true,"href":"https:\/\/informacionlocal.es\/de\/wp-json\/wp\/v2\/comments?post=5374"}],"version-history":[{"count":0,"href":"https:\/\/informacionlocal.es\/de\/wp-json\/wp\/v2\/posts\/5374\/revisions"}],"wp:featuredmedia":[{"embeddable":true,"href":"https:\/\/informacionlocal.es\/de\/wp-json\/wp\/v2\/media\/5371"}],"wp:attachment":[{"href":"https:\/\/informacionlocal.es\/de\/wp-json\/wp\/v2\/media?parent=5374"}],"wp:term":[{"taxonomy":"category","embeddable":true,"href":"https:\/\/informacionlocal.es\/de\/wp-json\/wp\/v2\/categories?post=5374"},{"taxonomy":"post_tag","embeddable":true,"href":"https:\/\/informacionlocal.es\/de\/wp-json\/wp\/v2\/tags?post=5374"}],"curies":[{"name":"wp","href":"https:\/\/api.w.org\/{rel}","templated":true}]}}