{"id":5363,"date":"2025-06-12T07:42:45","date_gmt":"2025-06-12T07:42:45","guid":{"rendered":"https:\/\/informacionlocal.es\/das-rathaus-von-pajara-schuetzt-mehr-als-3-000-palmen-vor-dem-schaedling-diocalandra-frumenti\/"},"modified":"2025-06-12T07:42:45","modified_gmt":"2025-06-12T07:42:45","slug":"das-rathaus-von-pajara-schuetzt-mehr-als-3-000-palmen-vor-dem-schaedling-diocalandra-frumenti","status":"publish","type":"post","link":"https:\/\/informacionlocal.es\/de\/das-rathaus-von-pajara-schuetzt-mehr-als-3-000-palmen-vor-dem-schaedling-diocalandra-frumenti\/","title":{"rendered":"Das Rathaus von P\u00e1jara sch\u00fctzt mehr als 3.000 Palmen vor dem Sch\u00e4dling Diocalandra frumenti"},"content":{"rendered":"<div class=\"entry-content\">\n<p><b><i>Mit dieser Initiative bleibt der Kampf gegen den Sch\u00e4dling aktiv, und die Ma\u00dfnahmen zum Schutz der nat\u00fcrlichen Umwelt werden fortgesetzt.  <\/i><\/b><\/p>\n<p><span>Seit mehreren Monaten f\u00fchrt das Rathaus von P\u00e1jara einen Begasungsplan zur Bek\u00e4mpfung des Sch\u00e4dlings Diocalandra frumenti durch, der die Palmen der Insel bef\u00e4llt. Bis heute wurden mehr als 3.000 Exemplare bespr\u00fcht, eine wichtige Ma\u00dfnahme zur Erhaltung dieser nat\u00fcrlichen Ressource.   <\/span><\/p>\n<p><span>Der erste stellvertretende B\u00fcrgermeister und Stadtrat f\u00fcr Parks und G\u00e4rten, Alexis Alonso, unterstreicht die Bedeutung dieser Aufgaben. \u201eDie Mitarbeiter der Stadtverwaltung arbeiten st\u00e4ndig an der Erhaltung unseres Palmenhains und f\u00fchren diese Ma\u00dfnahmen in den kommenden Monaten kontinuierlich und geplant durch\u201c, betont er.   <\/span><\/p>\n<p><span>Der Stadtrat stellte au\u00dferdem klar, dass die umgest\u00fcrzten Palmen im Gebiet von Solana Matorral keine Anzeichen der Pest oder Zeichen des Verfalls aufwiesen. \u201eEs ist wichtig zu betonen, dass diese Exemplare gesund waren\u201c, sagt er.   <\/span><\/p>\n<p><span>Der B\u00fcrgermeister von P\u00e1jara, Alejandro Jorge, betont seinerseits das institutionelle Engagement f\u00fcr die nat\u00fcrliche Umwelt. \u201eDie Pflege der nat\u00fcrlichen Umwelt ist ein wesentlicher Pfeiler f\u00fcr die nachhaltige Entwicklung der Gemeinde. Diese Ma\u00dfnahmen spiegeln das Engagement des Konsistoriums f\u00fcr den Umweltschutz und das Wohlergehen unserer Nachbarn wider. Wir werden auch weiterhin eine Politik f\u00f6rdern, die unsere Umwelt erh\u00e4lt und verbessert\u201c.   <\/span><\/p>\n<p><span>Diese Initiativen sind Teil eines umfassenderen kommunalen Plans, der auf ein verantwortungsvolles Umweltmanagement abzielt. Der Stadtrat wird weiterhin spezifische Ma\u00dfnahmen f\u00f6rdern, die die Gesundheit des Palmenhains beg\u00fcnstigen und das Image einer Gemeinde st\u00e4rken, die sich f\u00fcr Nachhaltigkeit und die Lebensqualit\u00e4t ihrer B\u00fcrger einsetzt. <\/span><\/p>\n<\/div>\n","protected":false},"excerpt":{"rendered":"<p><i>Mit dieser Initiative bleibt der Kampf gegen den Sch\u00e4dling aktiv, und die Ma\u00dfnahmen zum Schutz der nat\u00fcrlichen Umwelt werden fortgesetzt.  <\/i><\/p>\n","protected":false},"author":1,"featured_media":5359,"comment_status":"open","ping_status":"open","sticky":false,"template":"","format":"standard","meta":{"inline_featured_image":false,"jnews-multi-image_gallery":[],"jnews_single_post":[],"jnews_primary_category":[],"jnews_social_meta":[],"jnews_override_counter":[],"jnews_post_split":[],"footnotes":""},"categories":[297],"tags":[],"class_list":["post-5363","post","type-post","status-publish","format-standard","has-post-thumbnail","hentry","category-pajara-de"],"jetpack_featured_media_url":"https:\/\/informacionlocal.es\/wp-content\/uploads\/2025\/06\/whatsapp-image-2025-06-11-at-13-32-53-e1749712542723.jpeg","_links":{"self":[{"href":"https:\/\/informacionlocal.es\/de\/wp-json\/wp\/v2\/posts\/5363","targetHints":{"allow":["GET"]}}],"collection":[{"href":"https:\/\/informacionlocal.es\/de\/wp-json\/wp\/v2\/posts"}],"about":[{"href":"https:\/\/informacionlocal.es\/de\/wp-json\/wp\/v2\/types\/post"}],"author":[{"embeddable":true,"href":"https:\/\/informacionlocal.es\/de\/wp-json\/wp\/v2\/users\/1"}],"replies":[{"embeddable":true,"href":"https:\/\/informacionlocal.es\/de\/wp-json\/wp\/v2\/comments?post=5363"}],"version-history":[{"count":0,"href":"https:\/\/informacionlocal.es\/de\/wp-json\/wp\/v2\/posts\/5363\/revisions"}],"wp:featuredmedia":[{"embeddable":true,"href":"https:\/\/informacionlocal.es\/de\/wp-json\/wp\/v2\/media\/5359"}],"wp:attachment":[{"href":"https:\/\/informacionlocal.es\/de\/wp-json\/wp\/v2\/media?parent=5363"}],"wp:term":[{"taxonomy":"category","embeddable":true,"href":"https:\/\/informacionlocal.es\/de\/wp-json\/wp\/v2\/categories?post=5363"},{"taxonomy":"post_tag","embeddable":true,"href":"https:\/\/informacionlocal.es\/de\/wp-json\/wp\/v2\/tags?post=5363"}],"curies":[{"name":"wp","href":"https:\/\/api.w.org\/{rel}","templated":true}]}}