{"id":5351,"date":"2025-06-11T15:29:22","date_gmt":"2025-06-11T15:29:22","guid":{"rendered":"https:\/\/informacionlocal.es\/mit-puerto-del-rosario-beginnt-die-landschaftliche-erholung-des-risco-prieto\/"},"modified":"2025-06-11T15:29:22","modified_gmt":"2025-06-11T15:29:22","slug":"mit-puerto-del-rosario-beginnt-die-landschaftliche-erholung-des-risco-prieto","status":"publish","type":"post","link":"https:\/\/informacionlocal.es\/de\/mit-puerto-del-rosario-beginnt-die-landschaftliche-erholung-des-risco-prieto\/","title":{"rendered":"Mit Puerto del Rosario beginnt die landschaftliche Erholung des Risco Prieto."},"content":{"rendered":"<div class=\"entry-content\">\n<p>Die Stadtverwaltung von Puerto del Rosario hat in dieser Woche \u00fcber die Abteilung f\u00fcr Parks und G\u00e4rten mit der Wiederherstellung des Landschaftsbereichs am Hang des Risco Prieto begonnen, einem symboltr\u00e4chtigen Ort, der im Rahmen des Plans zur Versch\u00f6nerung und Verbesserung der Gr\u00fcnfl\u00e4chen der Gemeinde erneut aufgewertet wird.<\/p>\n<p>Diese Arbeiten, die vom Gartenteam der Stadtverwaltung durchgef\u00fchrt werden, umfassen aufgrund der topografischen Gegebenheiten des Hangs einen speziellen Eingriff in die Vertikale. Die Arbeiten umfassen die Reinigung der Oberfl\u00e4che, den Austausch von an die Umgebung angepassten Pflanzenarten und die \u00e4sthetische und funktionale Stabilisierung des Gel\u00e4ndes, um einen angenehmeren und optisch attraktiveren Raum f\u00fcr Bewohner und Besucher zu schaffen. <\/p>\n<p>Der <strong>B\u00fcrgermeister von Puerto del Rosario,<\/strong><strong>David de Vera<\/strong>, wollte den Wert dieser Aktion hervorheben und wies darauf hin, dass <em>\u201edie Verbesserung von Gr\u00fcnfl\u00e4chen eine Priorit\u00e4t f\u00fcr diese Regierungsgruppe ist. Die Wiederherstellung von Orten wie dem Hang des Risco Prieto ist nicht nur ein landschaftlicher Eingriff, sondern auch eine Geste des Engagements f\u00fcr die Lebensqualit\u00e4t der B\u00fcrger und das Image der Gemeinde\u201c.<\/em><\/p>\n<p>Die <strong>Stadtr\u00e4tin f\u00fcr Parks und G\u00e4rten,<\/strong><strong>Erica Gonz\u00e1lez<\/strong>, bedankte sich ihrerseits ausdr\u00fccklich f\u00fcr die Arbeit der an diesem Projekt beteiligten Mitarbeiter: <em>\u201eDiese Art von Ma\u00dfnahmen erfordert eine spezielle technische Vorbereitung. Aus diesem Grund ist es nur fair, den Einsatz und die Professionalit\u00e4t des Teams der G\u00e4rten anzuerkennen, dessen Engagement es erm\u00f6glicht, komplexe Bereiche wie diesen erfolgreich zu restaurieren\u201c.<\/em><\/p>\n<p>Diese Ma\u00dfnahme ist Teil eines umfassenderen Aktionsplans, der die umfassende Verbesserung verschiedener Gr\u00fcnfl\u00e4chen in verschiedenen Stadtvierteln vorsieht, um die st\u00e4dtische Umwelt nachhaltiger, zug\u00e4nglicher und gepflegter zu gestalten.<\/p>\n<\/div>\n","protected":false},"excerpt":{"rendered":"<p>Die Stadtverwaltung von Puerto del Rosario hat in dieser Woche \u00fcber die Abteilung f\u00fcr Parks und G\u00e4rten mit der Wiederherstellung des Landschaftsbereichs am Hang des Risco Prieto begonnen, einem symboltr\u00e4chtigen [&hellip;]<\/p>\n","protected":false},"author":1,"featured_media":5347,"comment_status":"open","ping_status":"open","sticky":false,"template":"","format":"standard","meta":{"inline_featured_image":false,"jnews-multi-image_gallery":[],"jnews_single_post":[],"jnews_primary_category":[],"jnews_social_meta":[],"jnews_override_counter":[],"jnews_post_split":[],"footnotes":""},"categories":[293],"tags":[],"class_list":["post-5351","post","type-post","status-publish","format-standard","has-post-thumbnail","hentry","category-puerto-del-rosario-de"],"jetpack_featured_media_url":"https:\/\/informacionlocal.es\/wp-content\/uploads\/2025\/06\/talud-22-0625.jpg","_links":{"self":[{"href":"https:\/\/informacionlocal.es\/de\/wp-json\/wp\/v2\/posts\/5351","targetHints":{"allow":["GET"]}}],"collection":[{"href":"https:\/\/informacionlocal.es\/de\/wp-json\/wp\/v2\/posts"}],"about":[{"href":"https:\/\/informacionlocal.es\/de\/wp-json\/wp\/v2\/types\/post"}],"author":[{"embeddable":true,"href":"https:\/\/informacionlocal.es\/de\/wp-json\/wp\/v2\/users\/1"}],"replies":[{"embeddable":true,"href":"https:\/\/informacionlocal.es\/de\/wp-json\/wp\/v2\/comments?post=5351"}],"version-history":[{"count":0,"href":"https:\/\/informacionlocal.es\/de\/wp-json\/wp\/v2\/posts\/5351\/revisions"}],"wp:featuredmedia":[{"embeddable":true,"href":"https:\/\/informacionlocal.es\/de\/wp-json\/wp\/v2\/media\/5347"}],"wp:attachment":[{"href":"https:\/\/informacionlocal.es\/de\/wp-json\/wp\/v2\/media?parent=5351"}],"wp:term":[{"taxonomy":"category","embeddable":true,"href":"https:\/\/informacionlocal.es\/de\/wp-json\/wp\/v2\/categories?post=5351"},{"taxonomy":"post_tag","embeddable":true,"href":"https:\/\/informacionlocal.es\/de\/wp-json\/wp\/v2\/tags?post=5351"}],"curies":[{"name":"wp","href":"https:\/\/api.w.org\/{rel}","templated":true}]}}