{"id":5338,"date":"2025-06-11T15:24:56","date_gmt":"2025-06-11T15:24:56","guid":{"rendered":"https:\/\/informacionlocal.es\/puerto-del-rosario-verurteilt-die-vandalenakte-auf-den-picknickplaetzen-von-la-matilla-und-tesjuate\/"},"modified":"2025-06-11T15:24:56","modified_gmt":"2025-06-11T15:24:56","slug":"puerto-del-rosario-verurteilt-die-vandalenakte-auf-den-picknickplaetzen-von-la-matilla-und-tesjuate","status":"publish","type":"post","link":"https:\/\/informacionlocal.es\/de\/puerto-del-rosario-verurteilt-die-vandalenakte-auf-den-picknickplaetzen-von-la-matilla-und-tesjuate\/","title":{"rendered":"Puerto del Rosario verurteilt die Vandalenakte auf den Picknickpl\u00e4tzen von La Matilla und Tesjuate."},"content":{"rendered":"<div class=\"entry-content\">\n<p>Die Stadtverwaltung von Puerto del Rosario bedauert zutiefst den Vandalismus, der vor kurzem an zwei \u00f6ffentlichen Pl\u00e4tzen in der Gemeinde ver\u00fcbt wurde, und zwar an den Picknickpl\u00e4tzen von La Matilla und Tesjuate, wo mehrere Holzst\u00fccke gestohlen wurden, aus denen die vor einigen Wochen neu aufgestellten B\u00e4nke bestanden.<\/p>\n<p>Diese Einrichtungen wurden im Rahmen des Plans zur Verbesserung der Erholungsgebiete der Gemeinde renoviert, einer Ma\u00dfnahme zur F\u00f6rderung von Nachbarschaftstreffen, gesunder Freizeitgestaltung im Freien und der Nutzung von Naturr\u00e4umen. Der Diebstahl eines Teils des Mobiliars stellt nicht nur einen Angriff auf das \u00f6ffentliche Erbe dar, sondern hindert die Bewohner auch daran, die f\u00fcr ihr Wohlbefinden vorgesehenen Infrastrukturen zu nutzen. <\/p>\n<p>Der B\u00fcrgermeister von Puerto del Rosario, <strong>David de Vera<\/strong>, hat seine Emp\u00f6rung \u00fcber die Geschehnisse zum Ausdruck gebracht: <em>&#8222;Es ist inakzeptabel, dass eine Minderheit mit diesem Mangel an H\u00f6flichkeit und Respekt f\u00fcr das, was allen geh\u00f6rt, handelt. Wir vom Rathaus verurteilen nicht nur diese Vorf\u00e4lle, sondern werden auch mit den Sicherheitskr\u00e4ften zusammenarbeiten, um die Vorf\u00e4lle aufzukl\u00e4ren und die besch\u00e4digten oder gestohlenen M\u00f6bel so schnell wie m\u00f6glich zu ersetzen.<\/em><\/p>\n<p><em> <\/em>Die Stadtr\u00e4tin f\u00fcr Parks und G\u00e4rten, <strong>Erica Gonz\u00e1lez<\/strong>, erinnerte ihrerseits an die Bem\u00fchungen der Stadtverwaltung, diese Bereiche in optimalem Zustand zu erhalten: <em>\u201eJede Verbesserung der \u00f6ffentlichen R\u00e4ume wird mit st\u00e4dtischen Mitteln und zum Nutzen aller Einwohner durchgef\u00fchrt. Diese Handlungen sind ein nicht zu rechtfertigender R\u00fcckschritt. Wir appellieren an die \u00d6ffentlichkeit, sich an der Verurteilung von zivilisationsfeindlichem Verhalten zu beteiligen, das unserer Umwelt und der gesamten Gemeinschaft schadet\u201c.<\/em><\/p>\n<p>Die Stadtverwaltung hat bereits damit begonnen, die besch\u00e4digten B\u00e4nke zu ersetzen und wird die \u00dcberwachungsma\u00dfnahmen in diesen Bereichen verst\u00e4rken. Jeder, der den Vorfall beobachtet hat oder Informationen dar\u00fcber hat, wird gebeten, sich mit der \u00f6rtlichen Polizei oder der Guardia Civil in Verbindung zu setzen. <\/p>\n<p>Puerto del Rosario bekr\u00e4ftigt sein Engagement f\u00fcr die Pflege und Erhaltung \u00f6ffentlicher R\u00e4ume und wird in seinen Bem\u00fchungen nicht nachlassen, daf\u00fcr zu sorgen, dass sie sichere und einladende Orte f\u00fcr alle bleiben.<\/p>\n<\/div>\n","protected":false},"excerpt":{"rendered":"<p>Die Stadtverwaltung von Puerto del Rosario bedauert zutiefst den Vandalismus, der vor kurzem an zwei \u00f6ffentlichen Pl\u00e4tzen in der Gemeinde ver\u00fcbt wurde, und zwar an den Picknickpl\u00e4tzen von La Matilla [&hellip;]<\/p>\n","protected":false},"author":1,"featured_media":5335,"comment_status":"open","ping_status":"open","sticky":false,"template":"","format":"standard","meta":{"inline_featured_image":false,"jnews-multi-image_gallery":[],"jnews_single_post":[],"jnews_primary_category":[],"jnews_social_meta":[],"jnews_override_counter":[],"jnews_post_split":[],"footnotes":""},"categories":[293],"tags":[246],"class_list":["post-5338","post","type-post","status-publish","format-standard","has-post-thumbnail","hentry","category-puerto-del-rosario-de","tag-formalitaten"],"jetpack_featured_media_url":"https:\/\/informacionlocal.es\/wp-content\/uploads\/2025\/06\/vandalismo-titu-mesas-1-110625.jpg","_links":{"self":[{"href":"https:\/\/informacionlocal.es\/de\/wp-json\/wp\/v2\/posts\/5338","targetHints":{"allow":["GET"]}}],"collection":[{"href":"https:\/\/informacionlocal.es\/de\/wp-json\/wp\/v2\/posts"}],"about":[{"href":"https:\/\/informacionlocal.es\/de\/wp-json\/wp\/v2\/types\/post"}],"author":[{"embeddable":true,"href":"https:\/\/informacionlocal.es\/de\/wp-json\/wp\/v2\/users\/1"}],"replies":[{"embeddable":true,"href":"https:\/\/informacionlocal.es\/de\/wp-json\/wp\/v2\/comments?post=5338"}],"version-history":[{"count":0,"href":"https:\/\/informacionlocal.es\/de\/wp-json\/wp\/v2\/posts\/5338\/revisions"}],"wp:featuredmedia":[{"embeddable":true,"href":"https:\/\/informacionlocal.es\/de\/wp-json\/wp\/v2\/media\/5335"}],"wp:attachment":[{"href":"https:\/\/informacionlocal.es\/de\/wp-json\/wp\/v2\/media?parent=5338"}],"wp:term":[{"taxonomy":"category","embeddable":true,"href":"https:\/\/informacionlocal.es\/de\/wp-json\/wp\/v2\/categories?post=5338"},{"taxonomy":"post_tag","embeddable":true,"href":"https:\/\/informacionlocal.es\/de\/wp-json\/wp\/v2\/tags?post=5338"}],"curies":[{"name":"wp","href":"https:\/\/api.w.org\/{rel}","templated":true}]}}