{"id":5327,"date":"2025-06-11T12:38:57","date_gmt":"2025-06-11T12:38:57","guid":{"rendered":"https:\/\/informacionlocal.es\/la-oliva-beruft-eine-technische-sitzung-mit-den-eigentuemern-der-plaza-de-la-musica-in-corralejo-ein\/"},"modified":"2025-06-11T12:38:57","modified_gmt":"2025-06-11T12:38:57","slug":"la-oliva-beruft-eine-technische-sitzung-mit-den-eigentuemern-der-plaza-de-la-musica-in-corralejo-ein","status":"publish","type":"post","link":"https:\/\/informacionlocal.es\/de\/la-oliva-beruft-eine-technische-sitzung-mit-den-eigentuemern-der-plaza-de-la-musica-in-corralejo-ein\/","title":{"rendered":"La Oliva beruft eine technische Sitzung mit den Eigent\u00fcmern der Plaza de la M\u00fasica in Corralejo ein."},"content":{"rendered":"<p>Die Stadtverwaltung von La Oliva beruft \u00fcber die Handelsabteilung unter der Leitung von Alexandra Mart\u00edn ein technisches Treffen mit den Eigent\u00fcmern der Plaza de la M\u00fasica ein, an dem die Techniker der Stadtverwaltung sowie die Abteilung f\u00fcr St\u00e4dtebau unter der Leitung von David Hern\u00e1ndez und die Abteilung f\u00fcr Verkehr unter der Leitung von Christian Rodr\u00edguez teilnehmen.  <\/p>\n<p>Hauptziel des Treffens war es, die aktuelle Umweltsituation zu analysieren und gemeinsam nach L\u00f6sungen zu suchen, die Ordnung, Koexistenz und Harmonie an diesem symboltr\u00e4chtigen Treffpunkt der Gemeinde f\u00f6rdern.  <\/p>\n<p>Der B\u00fcrgermeister von La Oliva, Isa\u00ed Blanco, erkl\u00e4rt: \u201eVon Seiten des Rathauses halten wir es f\u00fcr notwendig, der aktiven Beteiligung der Eigent\u00fcmer an diesem Prozess Vorrang einzur\u00e4umen, ihnen eine Stimme zu geben und ihre Vorschl\u00e4ge zu ber\u00fccksichtigen, um zu gew\u00e4hrleisten, dass die beschlossenen Ma\u00dfnahmen den tats\u00e4chlichen Bed\u00fcrfnissen des Platzes entsprechen und zu seiner Verbesserung sowohl f\u00fcr die Nutzer als auch f\u00fcr die Nachbarn und Besucher beitragen\u201c.  <\/p>\n<p>Die Stadtr\u00e4tin f\u00fcr Handel, Alexandra Mart\u00edn, betont ihrerseits, wie wichtig es ist, \u201eKan\u00e4le f\u00fcr eine direkte und effiziente Kommunikation mit den Eigent\u00fcmern zu \u00f6ffnen, die die Hauptakteure bei der Wiederbelebung und dem reibungslosen Funktionieren der Plaza de la M\u00fasica sind. Ziel ist es, dass dieser Platz auch weiterhin ein Bezugspunkt f\u00fcr das Zusammenleben, die geordnete Gesch\u00e4ftst\u00e4tigkeit und den gegenseitigen Respekt ist\u201c.  <\/p>\n<p>Der Stadtrat f\u00fcr Stadtplanung, David Hern\u00e1ndez, unterstreicht auch \u201edie Notwendigkeit, dieses Gebiet mit einer langfristigen Vision zu planen und anzupassen, um eine geordnete, zug\u00e4ngliche und nachhaltige Entwicklung f\u00fcr alle zu gew\u00e4hrleisten\u201c.  <\/p>\n<p>Christian Rodr\u00edguez, Stadtrat f\u00fcr Verkehr, f\u00fcgt hinzu: \u201eDie Verbesserung der Mobilit\u00e4t und des Verkehrs auf dem Platz ist ein Schl\u00fcsselelement f\u00fcr das reibungslose Funktionieren dieses Raums, um die Sicherheit und den Fluss f\u00fcr die Anwohner und Besucher zu gew\u00e4hrleisten\u201c.<\/p>\n","protected":false},"excerpt":{"rendered":"<p><span>Ziel ist es, einen Konsens zwischen den beteiligten Parteien zu erzielen, um die Terrassen in diesem Gebiet zu regeln und zu organisieren.<\/span><\/p>\n","protected":false},"author":1,"featured_media":5323,"comment_status":"open","ping_status":"open","sticky":false,"template":"","format":"standard","meta":{"inline_featured_image":false,"jnews-multi-image_gallery":[],"jnews_single_post":[],"jnews_primary_category":[],"jnews_social_meta":[],"jnews_override_counter":[],"jnews_post_split":[],"footnotes":""},"categories":[291],"tags":[],"class_list":["post-5327","post","type-post","status-publish","format-standard","has-post-thumbnail","hentry","category-la-oliva-de"],"jetpack_featured_media_url":"https:\/\/informacionlocal.es\/wp-content\/uploads\/2025\/06\/5212_b0e108d2.png","_links":{"self":[{"href":"https:\/\/informacionlocal.es\/de\/wp-json\/wp\/v2\/posts\/5327","targetHints":{"allow":["GET"]}}],"collection":[{"href":"https:\/\/informacionlocal.es\/de\/wp-json\/wp\/v2\/posts"}],"about":[{"href":"https:\/\/informacionlocal.es\/de\/wp-json\/wp\/v2\/types\/post"}],"author":[{"embeddable":true,"href":"https:\/\/informacionlocal.es\/de\/wp-json\/wp\/v2\/users\/1"}],"replies":[{"embeddable":true,"href":"https:\/\/informacionlocal.es\/de\/wp-json\/wp\/v2\/comments?post=5327"}],"version-history":[{"count":0,"href":"https:\/\/informacionlocal.es\/de\/wp-json\/wp\/v2\/posts\/5327\/revisions"}],"wp:featuredmedia":[{"embeddable":true,"href":"https:\/\/informacionlocal.es\/de\/wp-json\/wp\/v2\/media\/5323"}],"wp:attachment":[{"href":"https:\/\/informacionlocal.es\/de\/wp-json\/wp\/v2\/media?parent=5327"}],"wp:term":[{"taxonomy":"category","embeddable":true,"href":"https:\/\/informacionlocal.es\/de\/wp-json\/wp\/v2\/categories?post=5327"},{"taxonomy":"post_tag","embeddable":true,"href":"https:\/\/informacionlocal.es\/de\/wp-json\/wp\/v2\/tags?post=5327"}],"curies":[{"name":"wp","href":"https:\/\/api.w.org\/{rel}","templated":true}]}}