{"id":5285,"date":"2025-06-11T11:03:06","date_gmt":"2025-06-11T11:03:06","guid":{"rendered":"https:\/\/informacionlocal.es\/aguas-de-antigua-schreibt-fuenf-vertraege-im-wert-von-650-000-euro-in-fuenf-monaten-aus-oder-schliesst-sie-ab\/"},"modified":"2025-06-11T11:03:06","modified_gmt":"2025-06-11T11:03:06","slug":"aguas-de-antigua-schreibt-fuenf-vertraege-im-wert-von-650-000-euro-in-fuenf-monaten-aus-oder-schliesst-sie-ab","status":"publish","type":"post","link":"https:\/\/informacionlocal.es\/de\/aguas-de-antigua-schreibt-fuenf-vertraege-im-wert-von-650-000-euro-in-fuenf-monaten-aus-oder-schliesst-sie-ab\/","title":{"rendered":"Aguas de Antigua schreibt f\u00fcnf Vertr\u00e4ge im Wert von 650.000 Euro in f\u00fcnf Monaten aus oder schlie\u00dft sie ab"},"content":{"rendered":"<div class=\"elementor-widget-container\">\n<p><strong>Aguas de Antigua schreibt f\u00fcnf Vertr\u00e4ge im Wert von 650.000 Euro in f\u00fcnf Monaten aus oder schlie\u00dft sie ab<\/strong><\/p>\n<p><strong>&#8211; Die Stadtverwaltung von Antigua ist Mehrheitsaktion\u00e4r des gemischten Unternehmens Aguas de Antigua, das an der Verwaltung der Wasserversorgung in Caleta de Fuste und dem K\u00fcstengebiet der Gemeinde beteiligt ist.  <\/strong><br \/><strong>&#8211; Aguas de Antigua investiert in die Zukunft und in neue Technologien, indem es 90 % seiner Z\u00e4hler mit dem intelligenten Messsystem ausstattet und bis 2025 100 % erreichen will.<\/strong><\/p>\n<p>Der Verwaltungsrat der Empresa Mixta Aguas de Antigua hielt am Dienstag, den 11. Juni, eine Sitzung unter dem Vorsitz des B\u00fcrgermeisters Mat\u00edas Pe\u00f1a Garc\u00eda ab, in der unter anderem die Zusammenarbeit mit der CAAF bei der Wasserversorgung, die letzten Ausschreibungen, die im laufenden Jahr vergeben oder formalisiert wurden, sowie die Prognose f\u00fcr weitere Investitionen, die die Qualit\u00e4t und das Engagement f\u00fcr die Zukunft des Unternehmens best\u00e4tigen, bewertet wurden.<\/p>\n<p>Aguas de Antigua ist ein dynamisches Unternehmen, das sich st\u00e4ndig erneuert und stets bestrebt ist, die Wasserversorgung der Einwohner und Abonnenten von Caleta de Fuste und der K\u00fcstenorte der Gemeinde zu verbessern, so der B\u00fcrgermeister. Dies wird dadurch belegt, dass in den ersten f\u00fcnf Monaten des Jahres 2025 f\u00fcnf Vertr\u00e4ge im Gesamtwert von 650.188,62 Euro, f\u00fcr die Sanierung der Module 3 und 4 des Produktionszentrums f\u00fcr 249.708,62 Euro, den Kauf eines Baggerladers f\u00fcr 93.000 Euro, den Schlamm- und Abfalltransport f\u00fcr 63.000 Euro, die Reinigung der integrierten Wasserkreislaufanlagen f\u00fcr 160.000 Euro und die Lieferung von Kraftstoff f\u00fcr 84.480 Euro.<\/p>\n<p>Die Stadtverwaltung von Antigua ist Mehrheitsaktion\u00e4rin der Empresa Mixta Aguas de Antigua, was ein sofortiges Eingreifen bei jedem Zwischenfall im Verteilungsnetz erm\u00f6glicht, das wiederum von der Zentrale aus \u00fcberwacht wird. In diesem Sinne, so schlie\u00dft der B\u00fcrgermeister, ist eines der Ziele in diesem Jahr die Einf\u00fchrung des intelligenten Fernauslesesystems f\u00fcr 100 % der Z\u00e4hler, die bisher in 87,55 % der insgesamt 3.599 Einheiten installiert sind. <\/p>\n<\/div>\n","protected":false},"excerpt":{"rendered":"<p><strong>Aguas de Antigua schreibt f\u00fcnf Vertr\u00e4ge im Wert von 650.000 Euro in f\u00fcnf Monaten aus oder schlie\u00dft sie ab<\/strong><\/p>\n","protected":false},"author":1,"featured_media":5283,"comment_status":"open","ping_status":"open","sticky":false,"template":"","format":"standard","meta":{"inline_featured_image":false,"jnews-multi-image_gallery":[],"jnews_single_post":[],"jnews_primary_category":[],"jnews_social_meta":[],"jnews_override_counter":[],"jnews_post_split":[],"footnotes":""},"categories":[283],"tags":[],"class_list":["post-5285","post","type-post","status-publish","format-standard","has-post-thumbnail","hentry","category-antigua-de"],"jetpack_featured_media_url":"https:\/\/informacionlocal.es\/wp-content\/uploads\/2025\/06\/el-alcalde-preside-el-consejo-de-administracion-de-aguas-de-antigua-2-scaled-1.jpg","_links":{"self":[{"href":"https:\/\/informacionlocal.es\/de\/wp-json\/wp\/v2\/posts\/5285","targetHints":{"allow":["GET"]}}],"collection":[{"href":"https:\/\/informacionlocal.es\/de\/wp-json\/wp\/v2\/posts"}],"about":[{"href":"https:\/\/informacionlocal.es\/de\/wp-json\/wp\/v2\/types\/post"}],"author":[{"embeddable":true,"href":"https:\/\/informacionlocal.es\/de\/wp-json\/wp\/v2\/users\/1"}],"replies":[{"embeddable":true,"href":"https:\/\/informacionlocal.es\/de\/wp-json\/wp\/v2\/comments?post=5285"}],"version-history":[{"count":0,"href":"https:\/\/informacionlocal.es\/de\/wp-json\/wp\/v2\/posts\/5285\/revisions"}],"wp:featuredmedia":[{"embeddable":true,"href":"https:\/\/informacionlocal.es\/de\/wp-json\/wp\/v2\/media\/5283"}],"wp:attachment":[{"href":"https:\/\/informacionlocal.es\/de\/wp-json\/wp\/v2\/media?parent=5285"}],"wp:term":[{"taxonomy":"category","embeddable":true,"href":"https:\/\/informacionlocal.es\/de\/wp-json\/wp\/v2\/categories?post=5285"},{"taxonomy":"post_tag","embeddable":true,"href":"https:\/\/informacionlocal.es\/de\/wp-json\/wp\/v2\/tags?post=5285"}],"curies":[{"name":"wp","href":"https:\/\/api.w.org\/{rel}","templated":true}]}}