{"id":5226,"date":"2025-06-10T15:14:04","date_gmt":"2025-06-10T15:14:04","guid":{"rendered":"https:\/\/informacionlocal.es\/puerto-del-rosario-erhaelt-die-blaue-flagge-fuer-playa-blanca-los-pozos-und-puerto-lajas\/"},"modified":"2025-06-10T15:14:04","modified_gmt":"2025-06-10T15:14:04","slug":"puerto-del-rosario-erhaelt-die-blaue-flagge-fuer-playa-blanca-los-pozos-und-puerto-lajas","status":"publish","type":"post","link":"https:\/\/informacionlocal.es\/de\/puerto-del-rosario-erhaelt-die-blaue-flagge-fuer-playa-blanca-los-pozos-und-puerto-lajas\/","title":{"rendered":"Puerto del Rosario erh\u00e4lt die Blaue Flagge f\u00fcr Playa Blanca, Los Pozos und Puerto Lajas."},"content":{"rendered":"<div class=\"entry-content\">\n<p>Die drei Str\u00e4nde der Hauptstadt erneuern die Auszeichnung, mit der die Umweltqualit\u00e4t und die angebotenen Dienstleistungen gew\u00fcrdigt werden.<\/p>\n<p>Im Theater von G\u00e1ldar nahmen am Dienstag, den 10. Juni, mittags die Beh\u00f6rden und Vertreter der Gemeinden und H\u00e4fen der Kanarischen Inseln die blauen Flaggen entgegen, die in diesem Jahr von der Vereinigung f\u00fcr Umwelt- und Verbrauchererziehung (Adeac) verliehen wurden.<\/p>\n<p>Der Stadtrat von Puerto del Rosario wurde von To\u00f1i Fdez Arag\u00f3n, Stadtrat f\u00fcr Str\u00e4nde, vertreten, der aus den H\u00e4nden des Pr\u00e4sidenten von Adeac die drei Flaggen entgegennahm, die in Playa Blanca, Los Pozos und Puerto Lajas wehen werden. <\/p>\n<p>Der <strong>B\u00fcrgermeister von Puerto del Rosario, David de Vera,<\/strong> betonte, dass \u201eunsere Str\u00e4nde eine unserer Hauptattraktionen f\u00fcr Einwohner und Besucher sind, und diese blauen Flaggen best\u00e4tigen, dass die Verbesserungen, die wir durchf\u00fchren, in die richtige Richtung gehen\u201c.<\/p>\n<p>Die  <strong>Stadtrat f\u00fcr Str\u00e4nde, To\u00f1i Fdez Arag\u00f3n, <\/strong>  zeigte sich zufrieden, denn &#8222;die Aufrechterhaltung dieser Auszeichnung ist keine leichte Aufgabe, da die geforderten Qualit\u00e4tskriterien jedes Jahr strenger werden. Dank des guten Klimas, das wir genie\u00dfen, werden diese Str\u00e4nde das ganze Jahr \u00fcber genutzt. Wir bitten daher alle, die K\u00fcste zu respektieren und zu pflegen, um sie in einem bestm\u00f6glichen Zustand zu erhalten.<\/p>\n<p>Der Strand von Los Pozos ist seit 2015 mit der Blauen Flagge ausgezeichnet.<\/p>\n<p>Playa Blanca hat die Auszeichnung seit 2010 inne, Puerto Lajas seit 2012.<\/p>\n<p>Die Blaue Flagge ist zum bekanntesten und anerkanntesten Symbol f\u00fcr Millionen von Strand- und Hafenbenutzern in fast f\u00fcnfzig L\u00e4ndern geworden. Sie ist auch ein globaler Standard f\u00fcr die Umweltqualit\u00e4t im Tourismus und eine Inspiration f\u00fcr andere Initiativen zur Zertifizierung der Strand- und Hafenqualit\u00e4t.<\/p>\n<p>In der Provinz Las Palmas hat Fuerteventura 10 blaue Flaggen, Lanzarote 2 und Gran Canaria 14.<\/p>\n<p>Im Jahr 2025 wurden insgesamt 642 Blaue Flaggen auf nationaler Ebene vergeben, vier mehr als bei der Ausgabe 2024.<\/p>\n<\/div>\n","protected":false},"excerpt":{"rendered":"<p>Die drei Str\u00e4nde der Hauptstadt erneuern die Auszeichnung, mit der die Umweltqualit\u00e4t und die angebotenen Dienstleistungen gew\u00fcrdigt werden. Im Theater von G\u00e1ldar nahmen am Dienstag, den 10. Juni, mittags die [&hellip;]<\/p>\n","protected":false},"author":1,"featured_media":5223,"comment_status":"open","ping_status":"open","sticky":false,"template":"","format":"standard","meta":{"inline_featured_image":false,"jnews-multi-image_gallery":[],"jnews_single_post":[],"jnews_primary_category":[],"jnews_social_meta":[],"jnews_override_counter":[],"jnews_post_split":[],"footnotes":""},"categories":[293],"tags":[216,196],"class_list":["post-5226","post","type-post","status-publish","format-standard","has-post-thumbnail","hentry","category-puerto-del-rosario-de","tag-fuerteventura-de","tag-gemeinden"],"jetpack_featured_media_url":"https:\/\/informacionlocal.es\/wp-content\/uploads\/2025\/06\/bandera-22-azul-25-grupo-grande.jpg","_links":{"self":[{"href":"https:\/\/informacionlocal.es\/de\/wp-json\/wp\/v2\/posts\/5226","targetHints":{"allow":["GET"]}}],"collection":[{"href":"https:\/\/informacionlocal.es\/de\/wp-json\/wp\/v2\/posts"}],"about":[{"href":"https:\/\/informacionlocal.es\/de\/wp-json\/wp\/v2\/types\/post"}],"author":[{"embeddable":true,"href":"https:\/\/informacionlocal.es\/de\/wp-json\/wp\/v2\/users\/1"}],"replies":[{"embeddable":true,"href":"https:\/\/informacionlocal.es\/de\/wp-json\/wp\/v2\/comments?post=5226"}],"version-history":[{"count":0,"href":"https:\/\/informacionlocal.es\/de\/wp-json\/wp\/v2\/posts\/5226\/revisions"}],"wp:featuredmedia":[{"embeddable":true,"href":"https:\/\/informacionlocal.es\/de\/wp-json\/wp\/v2\/media\/5223"}],"wp:attachment":[{"href":"https:\/\/informacionlocal.es\/de\/wp-json\/wp\/v2\/media?parent=5226"}],"wp:term":[{"taxonomy":"category","embeddable":true,"href":"https:\/\/informacionlocal.es\/de\/wp-json\/wp\/v2\/categories?post=5226"},{"taxonomy":"post_tag","embeddable":true,"href":"https:\/\/informacionlocal.es\/de\/wp-json\/wp\/v2\/tags?post=5226"}],"curies":[{"name":"wp","href":"https:\/\/api.w.org\/{rel}","templated":true}]}}