{"id":5214,"date":"2025-06-10T12:59:05","date_gmt":"2025-06-10T12:59:05","guid":{"rendered":"https:\/\/informacionlocal.es\/antigua-dankt-und-beglueckwuenscht-die-ecca-fuer-ihre-bildungsarbeit-mit-so-vielen-generationen-von-nachbarn\/"},"modified":"2025-06-10T12:59:05","modified_gmt":"2025-06-10T12:59:05","slug":"antigua-dankt-und-beglueckwuenscht-die-ecca-fuer-ihre-bildungsarbeit-mit-so-vielen-generationen-von-nachbarn","status":"publish","type":"post","link":"https:\/\/informacionlocal.es\/de\/antigua-dankt-und-beglueckwuenscht-die-ecca-fuer-ihre-bildungsarbeit-mit-so-vielen-generationen-von-nachbarn\/","title":{"rendered":"Antigua dankt und begl\u00fcckw\u00fcnscht die ECCA f\u00fcr ihre Bildungsarbeit mit so vielen Generationen von Nachbarn."},"content":{"rendered":"<div class=\"elementor-widget-container\">\n<p><strong>Antigua dankt und begl\u00fcckw\u00fcnscht die ECCA f\u00fcr ihre Bildungsarbeit mit so vielen Generationen von Nachbarn.<\/strong><\/p>\n<p><strong>&#8211; Die Wanderausstellung von Ecca.edu in der Bibliothek von Antigua kann diesen Dienstag, den 10. Juni, und morgen, Mittwoch, den 11. Juni, von 09:00 bis 13:00 Uhr und von 17:00 bis 19:00 Uhr besucht werden.<\/strong><br \/><strong>&#8211; Der Stadtrat von Antigua beh\u00e4lt die spezifische Subvention bei, um die Einschreibung von Erwachsenen in Ecca.Edu zu unterst\u00fctzen, damit sie den Sekundarschulabschluss und das Abitur erwerben k\u00f6nnen.  <\/strong><br \/><strong>&#8211; Der B\u00fcrgermeister bedankt sich bei Ecca.Edu f\u00fcr die Bildungs- und \u00d6ffentlichkeitsarbeit, die mit 52 Studenten einen Rekord bei den Einschreibungen in Antigua erzielt hat.<\/strong><\/p>\n<div class=\"wp-video\"><video class=\"wp-video-shortcode\" id=\"video-8889-1\" width=\"640\" height=\"360\" preload=\"metadata\" controls=\"controls\"><source type=\"video\/mp4\" src=\"https:\/\/ayto-antigua.es\/wp-content\/uploads\/2025\/06\/video-60-aniversario.mp4?_=1\" \/><\/video><\/div>\n<p>Mit einer Kerze und dem Ecca-Radio-Transistor habe ich so viel gelernt&#8220;, erinnerte sich einer der Nachbarn, der den Verantwortlichen von Ecca.Edu pers\u00f6nlich gratulieren wollte, einer Einrichtung, die ihr 60-j\u00e4hriges Bestehen feiert und das Leben durch Bildung ver\u00e4ndert.<\/p>\n<p>Dank Ecca, sagte der B\u00fcrgermeister von Antigua, Mat\u00edas Pe\u00f1a, der vor 60 Jahren auf den Kanarischen Inseln geboren wurde, mit einer kanarischen Sensibilit\u00e4t und einem klaren und direkten p\u00e4dagogischen, sozialen und direkten Engagement, und f\u00fcgte der B\u00fcrgermeister hinzu, sind viele der Generationen und Nachbarn, die studiert und gelernt haben, und viele sind diejenigen, die auch heute noch immer mit N\u00e4he und Zuneigung trainieren.<\/p>\n<p>Die Stadtr\u00e4tin f\u00fcr Bildung, Am\u00e9rica Soto, schloss sich dem B\u00fcrgermeister an und begl\u00fcckw\u00fcnschte zusammen mit den anwesenden Sch\u00fclern die Delegierte von Ecca auf Fuerteventura, Carmen Nieves Hern\u00e1ndez D\u00edaz, und vor allem die Lehrerin in Antigua, Guacimara De Le\u00f3n Brito, f\u00fcr ihre t\u00e4gliche Arbeit vor Ort, die es erwachsenen Sch\u00fclern, die es nicht f\u00fcr m\u00f6glich hielten, erm\u00f6glicht hat, den Abschluss zu erreichen.<\/p>\n<p>Der Stadtrat von Antigua beh\u00e4lt die spezifische Subvention zur Unterst\u00fctzung der Einschreibung von Erwachsenen in Ecca.Edu, um den Titel der Sekundarstufe und Abitur zu erhalten, die Unterst\u00fctzung dieses Kurses, sagt Stadtrat Soto Betancor, 22 Studenten von einer Rekordzahl von 52 in der Gemeinde eingeschrieben.<\/p>\n<p>Die Wanderausstellung von Ecca.edu in der Bibliothek von Antigua kann diesen Dienstag, den 10. Juni, und morgen, Mittwoch, den 11. Juni, von 09:00 bis 13:00 Uhr und von 17:00 bis 19:00 Uhr besucht werden.<\/p>\n<\/div>\n","protected":false},"excerpt":{"rendered":"<p><strong>Antigua dankt und begl\u00fcckw\u00fcnscht die ECCA f\u00fcr ihre Bildungsarbeit mit so vielen Generationen von Nachbarn.<\/strong><\/p>\n","protected":false},"author":1,"featured_media":5211,"comment_status":"open","ping_status":"open","sticky":false,"template":"","format":"standard","meta":{"inline_featured_image":false,"jnews-multi-image_gallery":[],"jnews_single_post":[],"jnews_primary_category":[],"jnews_social_meta":[],"jnews_override_counter":[],"jnews_post_split":[],"footnotes":""},"categories":[283],"tags":[306,216],"class_list":["post-5214","post","type-post","status-publish","format-standard","has-post-thumbnail","hentry","category-antigua-de","tag-educacion-de","tag-fuerteventura-de"],"jetpack_featured_media_url":"https:\/\/informacionlocal.es\/wp-content\/uploads\/2025\/06\/gracias-por-60-anos-de-historia-de-la-educacion-para-todos-2-scaled-1.jpg","_links":{"self":[{"href":"https:\/\/informacionlocal.es\/de\/wp-json\/wp\/v2\/posts\/5214","targetHints":{"allow":["GET"]}}],"collection":[{"href":"https:\/\/informacionlocal.es\/de\/wp-json\/wp\/v2\/posts"}],"about":[{"href":"https:\/\/informacionlocal.es\/de\/wp-json\/wp\/v2\/types\/post"}],"author":[{"embeddable":true,"href":"https:\/\/informacionlocal.es\/de\/wp-json\/wp\/v2\/users\/1"}],"replies":[{"embeddable":true,"href":"https:\/\/informacionlocal.es\/de\/wp-json\/wp\/v2\/comments?post=5214"}],"version-history":[{"count":0,"href":"https:\/\/informacionlocal.es\/de\/wp-json\/wp\/v2\/posts\/5214\/revisions"}],"wp:featuredmedia":[{"embeddable":true,"href":"https:\/\/informacionlocal.es\/de\/wp-json\/wp\/v2\/media\/5211"}],"wp:attachment":[{"href":"https:\/\/informacionlocal.es\/de\/wp-json\/wp\/v2\/media?parent=5214"}],"wp:term":[{"taxonomy":"category","embeddable":true,"href":"https:\/\/informacionlocal.es\/de\/wp-json\/wp\/v2\/categories?post=5214"},{"taxonomy":"post_tag","embeddable":true,"href":"https:\/\/informacionlocal.es\/de\/wp-json\/wp\/v2\/tags?post=5214"}],"curies":[{"name":"wp","href":"https:\/\/api.w.org\/{rel}","templated":true}]}}