{"id":5202,"date":"2025-06-10T11:18:20","date_gmt":"2025-06-10T11:18:20","guid":{"rendered":"https:\/\/informacionlocal.es\/inklusiver-sommer-in-pozo-negro-mit-der-fundacion-canaria-de-apoyo-a-los-trastornos-del-neurodesarrollo-kanarische-stiftung-zur-unterstuetzung-von-neurologischen-entwicklungsstoerungen\/"},"modified":"2025-06-10T11:18:20","modified_gmt":"2025-06-10T11:18:20","slug":"inklusiver-sommer-in-pozo-negro-mit-der-fundacion-canaria-de-apoyo-a-los-trastornos-del-neurodesarrollo-kanarische-stiftung-zur-unterstuetzung-von-neurologischen-entwicklungsstoerungen","status":"publish","type":"post","link":"https:\/\/informacionlocal.es\/de\/inklusiver-sommer-in-pozo-negro-mit-der-fundacion-canaria-de-apoyo-a-los-trastornos-del-neurodesarrollo-kanarische-stiftung-zur-unterstuetzung-von-neurologischen-entwicklungsstoerungen\/","title":{"rendered":"Inklusiver Sommer in Pozo Negro mit der Fundaci\u00f3n Canaria de Apoyo a los Trastornos del Neurodesarrollo (Kanarische Stiftung zur Unterst\u00fctzung von neurologischen Entwicklungsst\u00f6rungen)"},"content":{"rendered":"<div class=\"elementor-widget-container\">\n<p><strong>Inklusiver Sommer in Pozo Negro mit der Fundaci\u00f3n Canaria de Apoyo a los Trastornos del Neurodesarrollo (Kanarische Stiftung zur Unterst\u00fctzung von neurologischen Entwicklungsst\u00f6rungen)<\/strong><\/p>\n<p><strong>&#8211; Antigua arbeitet mit dem Inclusive Summer Camp zusammen, das von Funteac vom 21. bis 23. Juli in Pozo Negro organisiert wird.<\/strong><br \/><strong>&#8211; Die Anmeldung ist kostenlos und kann per E-Mail an talleres.funteac@gmail.com oder durch Anklicken des Links https:\/\/forms.gle\/3oZGCHUDQnqcnyTv6 erfolgen.<\/strong><\/p>\n<p>Das Rathaus von Antigua arbeitet mit dem Inklusiven Sommercamp zusammen, das die Fundaci\u00f3n Canaria de Apoyo a los Trastornos del Neurodesarrollo, Funteac, vom 21. bis 23. Juli in Pozo Negro organisiert.<\/p>\n<p>Der B\u00fcrgermeister Mat\u00edas Pe\u00f1a und die Stadtr\u00e4tin f\u00fcr Soziales, Am\u00e9rica Soto, trafen sich mit der Pr\u00e4sidentin der Stiftung, Fabiola Moreno, die die Unterst\u00fctzung des Rathauses von Antigua hervorhob, sowohl bei den j\u00e4hrlichen Zusch\u00fcssen, die es Funteac erm\u00f6glichen, die Kosten f\u00fcr die Aktivit\u00e4ten und den Unterhalt von Funteac zu decken, als auch bei diesem inklusiven Sommercamp, indem sie uns die Einrichtungen in Pozo Negro zur Verf\u00fcgung stellten und bei der f\u00fcr diese Veranstaltung erforderlichen Logistik halfen.<\/p>\n<p>Die Zusammenarbeit mit Funteac ist eine Konstante des Rathauses von Antigua bei allem, was es uns vorschl\u00e4gt, sagt der B\u00fcrgermeister Mat\u00edas Pe\u00f1a, insbesondere bei diesem inklusiven Sommercamp, das es zahlreichen Kindern mit besonderen Bed\u00fcrfnissen zwischen 4 und 17 Jahren erm\u00f6glicht, sich kostenlos f\u00fcr einen dreit\u00e4gigen Aufenthalt mit Fachleuten, Betreuern und Lehrern anzumelden, mit denen sie den Strand, Ausfl\u00fcge und Wassersportaktivit\u00e4ten genie\u00dfen k\u00f6nnen.<\/p>\n<p>Der Stadtrat Soto Betancor hebt den notwendigen Service hervor, den die Verb\u00e4nde und sozialen Einrichtungen in so vielen Bereichen der Gemeinde erbringen, und erinnert daran, dass die Antragsfrist f\u00fcr Zusch\u00fcsse der Sozialen Dienste noch bis einschlie\u00dflich 16. Juni l\u00e4uft und 80.000 Euro zur Verf\u00fcgung stehen.<\/p>\n<\/p>\n<\/div>\n","protected":false},"excerpt":{"rendered":"<p><strong>Inklusiver Sommer in Pozo Negro mit der Fundaci\u00f3n Canaria de Apoyo a los Trastornos del Neurodesarrollo (Kanarische Stiftung zur Unterst\u00fctzung von neurologischen Entwicklungsst\u00f6rungen)<\/strong><\/p>\n","protected":false},"author":1,"featured_media":5199,"comment_status":"open","ping_status":"open","sticky":false,"template":"","format":"standard","meta":{"inline_featured_image":false,"jnews-multi-image_gallery":[],"jnews_single_post":[],"jnews_primary_category":[],"jnews_social_meta":[],"jnews_override_counter":[],"jnews_post_split":[],"footnotes":""},"categories":[283],"tags":[],"class_list":["post-5202","post","type-post","status-publish","format-standard","has-post-thumbnail","hentry","category-antigua-de"],"jetpack_featured_media_url":"https:\/\/informacionlocal.es\/wp-content\/uploads\/2025\/06\/deporte-inclusivo-en-pozo-negro-con-funteac.jpg","_links":{"self":[{"href":"https:\/\/informacionlocal.es\/de\/wp-json\/wp\/v2\/posts\/5202","targetHints":{"allow":["GET"]}}],"collection":[{"href":"https:\/\/informacionlocal.es\/de\/wp-json\/wp\/v2\/posts"}],"about":[{"href":"https:\/\/informacionlocal.es\/de\/wp-json\/wp\/v2\/types\/post"}],"author":[{"embeddable":true,"href":"https:\/\/informacionlocal.es\/de\/wp-json\/wp\/v2\/users\/1"}],"replies":[{"embeddable":true,"href":"https:\/\/informacionlocal.es\/de\/wp-json\/wp\/v2\/comments?post=5202"}],"version-history":[{"count":0,"href":"https:\/\/informacionlocal.es\/de\/wp-json\/wp\/v2\/posts\/5202\/revisions"}],"wp:featuredmedia":[{"embeddable":true,"href":"https:\/\/informacionlocal.es\/de\/wp-json\/wp\/v2\/media\/5199"}],"wp:attachment":[{"href":"https:\/\/informacionlocal.es\/de\/wp-json\/wp\/v2\/media?parent=5202"}],"wp:term":[{"taxonomy":"category","embeddable":true,"href":"https:\/\/informacionlocal.es\/de\/wp-json\/wp\/v2\/categories?post=5202"},{"taxonomy":"post_tag","embeddable":true,"href":"https:\/\/informacionlocal.es\/de\/wp-json\/wp\/v2\/tags?post=5202"}],"curies":[{"name":"wp","href":"https:\/\/api.w.org\/{rel}","templated":true}]}}