{"id":5190,"date":"2025-06-09T16:12:10","date_gmt":"2025-06-09T16:12:10","guid":{"rendered":"https:\/\/informacionlocal.es\/pajara-eroeffnet-die-anmeldefrist-fuer-das-digital-camp-das-sich-an-jugendliche-im-alter-von-9-bis-17-jahren-richtet\/"},"modified":"2025-06-09T16:12:10","modified_gmt":"2025-06-09T16:12:10","slug":"pajara-eroeffnet-die-anmeldefrist-fuer-das-digital-camp-das-sich-an-jugendliche-im-alter-von-9-bis-17-jahren-richtet","status":"publish","type":"post","link":"https:\/\/informacionlocal.es\/de\/pajara-eroeffnet-die-anmeldefrist-fuer-das-digital-camp-das-sich-an-jugendliche-im-alter-von-9-bis-17-jahren-richtet\/","title":{"rendered":"P\u00e1jara er\u00f6ffnet die Anmeldefrist f\u00fcr das Digital Camp, das sich an Jugendliche im Alter von 9 bis 17 Jahren richtet."},"content":{"rendered":"<div class=\"entry-content\">\n<p><b><i>Ein kostenloses Bildungsangebot, das von der Fundaci\u00f3n Cibervoluntarios gef\u00f6rdert wird, um digitale F\u00e4higkeiten auf kreative, sichere und unterhaltsame Weise zu erlernen.  <\/i><\/b><\/p>\n<p><span>Die Jugendabteilung der Stadtverwaltung von P\u00e1jara gibt bekannt, dass die Anmeldefrist f\u00fcr das Digital Camp, eine von der Fundaci\u00f3n Cibervoluntarios gef\u00f6rderte Initiative, er\u00f6ffnet wurde. Dabei handelt es sich um ein innovatives, kostenloses Programm mit au\u00dferschulischen Aktivit\u00e4ten, das die digitalen Kompetenzen von Kindern und Jugendlichen zwischen 9 und 17 Jahren st\u00e4rken soll.   <\/span><\/p>\n<p><span>Diese Initiative ist Teil des Programms \u201eDigitale Kompetenzen f\u00fcr Kinder\u201c (CODI), das vom Ministerium f\u00fcr Jugend und Kinder gef\u00f6rdert und von der Europ\u00e4ischen Union \u00fcber die EU-Fonds der n\u00e4chsten Generation finanziert wird.  <\/span><\/p>\n<p><span>Der Stadtrat f\u00fcr Jugend, Juan Jos\u00e9 Viera, unterstreicht die Bedeutung dieses Programms f\u00fcr die pers\u00f6nliche und schulische Entwicklung der Kinder. \u201eDie F\u00f6rderung der digitalen Kompetenz von einem fr\u00fchen Alter an ist ein Bekenntnis zur Chancengleichheit und zum ganzheitlichen Fortschritt unserer Kinder und jungen Menschen. Initiativen wie diese helfen uns, die neuen Generationen darauf vorzubereiten, die Herausforderungen des digitalen Umfelds sicher und verantwortungsbewusst zu meistern\u201c, sagte er.   <\/span><\/p>\n<p><span>Im Juli findet das Digital Camp vormittags von 9.00 bis 14.00 Uhr im Cosmo-Einkaufszentrum in der Avenida del Saladar, 3, statt. Das Programm ist nach Altersgruppen gegliedert: Vom 7. bis 11. Juli nehmen Kinder im Alter von 9 bis 11 Jahren teil, vom 14. bis 18. Juli sind die 12- bis 13-J\u00e4hrigen an der Reihe und vom 21. bis 25. Juli die Jugendlichen im Alter von 14 bis 17 Jahren. In jeder Gruppe werden Spiele, Herausforderungen und Dynamiken durchgef\u00fchrt, die an die jeweilige Lernstufe angepasst sind und den positiven und kreativen Umgang mit digitalen Werkzeugen f\u00f6rdern.    <\/span><\/p>\n<p><span>Der B\u00fcrgermeister von P\u00e1jara, Alejandro Jorge, unterstreicht, dass \u201edie Durchf\u00fchrung von Aktionen, die sich an junge Menschen richten und die Bedeutung der neuen Technologien hervorheben, insbesondere in dieser Sommersaison, nicht nur eine Form der Unterhaltung ist, sondern auch eine Gelegenheit zum Lernen, die besonders n\u00fctzlich sein wird, wenn die Schulungsaktion vorbei ist\u201c.  <\/span><\/p>\n<p><span>Das Rathaus von P\u00e1jara ermutigt alle Familien, ihre S\u00f6hne und T\u00f6chter zu dieser Fortbildung anzumelden, die es ihnen erm\u00f6glichen wird, sich selbstbewusst und autonom in der digitalen Welt zu entwickeln. Anmeldungen sind ab sofort m\u00f6glich und k\u00f6nnen kostenlos \u00fcber den folgenden Link vorgenommen werden:   <\/span><span>Melden Sie Ihr Kind kostenlos bei Campamento Digital an!<\/span><\/p>\n<p><img fetchpriority=\"high\" decoding=\"async\" class=\"alignnone size-medium wp-image-20479\" src=\"https:\/\/informacionlocal.es\/wp-content\/uploads\/2025\/06\/campamento-digital-cartel-ayto-pajara-2-1-212x300-1.png\" width=\"212\" height=\"300\" title=\"campamento-digital-cartel-ayto-pajara-2-1-212x300-1\"><\/p>\n<\/div>\n","protected":false},"excerpt":{"rendered":"<p><i>Ein kostenloses Bildungsangebot, das von der Fundaci\u00f3n Cibervoluntarios gef\u00f6rdert wird, um digitale F\u00e4higkeiten auf kreative, sichere und unterhaltsame Weise zu erlernen.  <\/i><\/p>\n","protected":false},"author":1,"featured_media":5183,"comment_status":"open","ping_status":"open","sticky":false,"template":"","format":"standard","meta":{"inline_featured_image":false,"jnews-multi-image_gallery":[],"jnews_single_post":[],"jnews_primary_category":[],"jnews_social_meta":[],"jnews_override_counter":[],"jnews_post_split":[],"footnotes":""},"categories":[297],"tags":[],"class_list":["post-5190","post","type-post","status-publish","format-standard","has-post-thumbnail","hentry","category-pajara-de"],"jetpack_featured_media_url":"https:\/\/informacionlocal.es\/wp-content\/uploads\/2025\/06\/campamento-digital-cartel-ayto-pajara-2-1.png","_links":{"self":[{"href":"https:\/\/informacionlocal.es\/de\/wp-json\/wp\/v2\/posts\/5190","targetHints":{"allow":["GET"]}}],"collection":[{"href":"https:\/\/informacionlocal.es\/de\/wp-json\/wp\/v2\/posts"}],"about":[{"href":"https:\/\/informacionlocal.es\/de\/wp-json\/wp\/v2\/types\/post"}],"author":[{"embeddable":true,"href":"https:\/\/informacionlocal.es\/de\/wp-json\/wp\/v2\/users\/1"}],"replies":[{"embeddable":true,"href":"https:\/\/informacionlocal.es\/de\/wp-json\/wp\/v2\/comments?post=5190"}],"version-history":[{"count":0,"href":"https:\/\/informacionlocal.es\/de\/wp-json\/wp\/v2\/posts\/5190\/revisions"}],"wp:featuredmedia":[{"embeddable":true,"href":"https:\/\/informacionlocal.es\/de\/wp-json\/wp\/v2\/media\/5183"}],"wp:attachment":[{"href":"https:\/\/informacionlocal.es\/de\/wp-json\/wp\/v2\/media?parent=5190"}],"wp:term":[{"taxonomy":"category","embeddable":true,"href":"https:\/\/informacionlocal.es\/de\/wp-json\/wp\/v2\/categories?post=5190"},{"taxonomy":"post_tag","embeddable":true,"href":"https:\/\/informacionlocal.es\/de\/wp-json\/wp\/v2\/tags?post=5190"}],"curies":[{"name":"wp","href":"https:\/\/api.w.org\/{rel}","templated":true}]}}