{"id":5174,"date":"2025-06-09T10:57:02","date_gmt":"2025-06-09T10:57:02","guid":{"rendered":"https:\/\/informacionlocal.es\/antigua-eroeffnet-die-bewerbungsfrist-fuer-die-schuelerbefoerderung-fuer-abiturienten-und-berufsschueler\/"},"modified":"2025-06-09T10:57:02","modified_gmt":"2025-06-09T10:57:02","slug":"antigua-eroeffnet-die-bewerbungsfrist-fuer-die-schuelerbefoerderung-fuer-abiturienten-und-berufsschueler","status":"publish","type":"post","link":"https:\/\/informacionlocal.es\/de\/antigua-eroeffnet-die-bewerbungsfrist-fuer-die-schuelerbefoerderung-fuer-abiturienten-und-berufsschueler\/","title":{"rendered":"Antigua er\u00f6ffnet die Bewerbungsfrist f\u00fcr die Sch\u00fclerbef\u00f6rderung f\u00fcr Abiturienten und Berufssch\u00fcler."},"content":{"rendered":"<div class=\"elementor-widget-container\">\n<p><strong>Antigua er\u00f6ffnet die Bewerbungsfrist f\u00fcr die Sch\u00fclerbef\u00f6rderung f\u00fcr Abiturienten und Berufssch\u00fcler.<\/strong><\/p>\n<p><strong>&#8211; Antigua garantiert den Sch\u00fclertransport in seinem Gemeindehaushalt mit einer Zuweisung von 125.000 Euro und l\u00f6st damit den Transfer und die Abholung von Sch\u00fclern, die au\u00dferhalb der Gemeinde studieren, am Morgen und am Nachmittag\/Abend, sagt B\u00fcrgermeister Mat\u00edas Pe\u00f1a.  <\/strong><br \/><strong>&#8211; Die zu diesem Zweck unter Vertrag genommenen Busse fahren eine Route, die den Transport und die Abholung der Sch\u00fcler zur Mittagszeit sowie am Nachmittag und Abend gew\u00e4hrleistet.<\/strong><br \/><strong>&#8211; Die Frist f\u00fcr die Bewerbung um einen Studienplatz \u00fcber die Zulassungsstelle beginnt am Montag, dem 9. Juni, und endet am Freitag, dem 11. Juli.<\/strong><\/p>\n<p>Das Rathaus von Antigua \u00f6ffnet von Montag, dem 9. Juni, bis Freitag, dem 11. Juli, die Bewerbungsfrist f\u00fcr die Sch\u00fclerbef\u00f6rderung f\u00fcr Sch\u00fcler des Bachillerato und des Formative Cycles f\u00fcr das Schuljahr 2025\/2026.<\/p>\n<p>In den vergangenen Jahren haben wir beschlossen, den Fahrplan dieses Dienstes zu erweitern und die Sch\u00fcler morgens, aber vor allem nachmittags und abends zu bef\u00f6rdern und abzuholen, damit ihre Familien beruhigt nach Hause gehen k\u00f6nnen. Der B\u00fcrgermeister Mat\u00edas Pe\u00f1a f\u00fcgt hinzu, dass der k\u00fcrzlich verabschiedete st\u00e4dtische Haushalt 125.000 Euro vorsieht, um diesen Schultransport zu gew\u00e4hrleisten.<\/p>\n<p>Die Stadtverwaltung von Antigua bietet den Sch\u00fclern, die au\u00dferhalb der Gemeinde studieren, diesen kostenlosen t\u00e4glichen Sch\u00fclertransport an, um Familien und junge Menschen zu ermutigen, ihr Studium aufrechtzuerhalten und fortzusetzen, sagt die Stadtr\u00e4tin der Region, America Soto Betancor, um ihnen diese Kosten zu ersparen.<\/p>\n<p>Die Stadtr\u00e4tin f\u00fcr Bildung, Am\u00e9rica Soto, erinnert daran, dass Antr\u00e4ge von Bachillerato- oder Ciclos Formativos-Sch\u00fclern mit Wohnsitz in der Gemeinde, die einen Platz in der Sch\u00fclerbef\u00f6rderung erhalten m\u00f6chten, unter anderem die ordnungsgem\u00e4\u00df abgestempelte Bescheinigung oder den Nachweis der Einschreibung, ein Passfoto im Original, eine Fotokopie des Personalausweises des Interessenten und der Erziehungsberechtigten sowie die ordnungsgem\u00e4\u00df ausgef\u00fcllten und unterschriebenen Formulare vorlegen m\u00fcssen.<\/p>\n<p>Der Antrag muss im Rathaus von Antigua, im B\u00fcro des B\u00fcrgermeisters in Caleta de Fuste oder \u00fcber die Website www.ayto-antigua.es eingereicht werden. Die Stadtr\u00e4tin weist darauf hin, dass die Bildungsabteilung den Antragstellern f\u00fcr weitere Informationen zur Verf\u00fcgung steht oder ihnen bei der Einreichung ihres Antrags behilflich ist, entweder pers\u00f6nlich oder unter 928168170.<\/p>\n<\/div>\n","protected":false},"excerpt":{"rendered":"<p><strong>Antigua er\u00f6ffnet die Bewerbungsfrist f\u00fcr die Sch\u00fclerbef\u00f6rderung f\u00fcr Abiturienten und Berufssch\u00fcler.<\/strong><\/p>\n","protected":false},"author":1,"featured_media":5171,"comment_status":"open","ping_status":"open","sticky":false,"template":"","format":"standard","meta":{"inline_featured_image":false,"jnews-multi-image_gallery":[],"jnews_single_post":[],"jnews_primary_category":[],"jnews_social_meta":[],"jnews_override_counter":[],"jnews_post_split":[],"footnotes":""},"categories":[283],"tags":[306],"class_list":["post-5174","post","type-post","status-publish","format-standard","has-post-thumbnail","hentry","category-antigua-de","tag-educacion-de"],"jetpack_featured_media_url":"https:\/\/informacionlocal.es\/wp-content\/uploads\/2025\/06\/transporte-escolar.jpg","_links":{"self":[{"href":"https:\/\/informacionlocal.es\/de\/wp-json\/wp\/v2\/posts\/5174","targetHints":{"allow":["GET"]}}],"collection":[{"href":"https:\/\/informacionlocal.es\/de\/wp-json\/wp\/v2\/posts"}],"about":[{"href":"https:\/\/informacionlocal.es\/de\/wp-json\/wp\/v2\/types\/post"}],"author":[{"embeddable":true,"href":"https:\/\/informacionlocal.es\/de\/wp-json\/wp\/v2\/users\/1"}],"replies":[{"embeddable":true,"href":"https:\/\/informacionlocal.es\/de\/wp-json\/wp\/v2\/comments?post=5174"}],"version-history":[{"count":0,"href":"https:\/\/informacionlocal.es\/de\/wp-json\/wp\/v2\/posts\/5174\/revisions"}],"wp:featuredmedia":[{"embeddable":true,"href":"https:\/\/informacionlocal.es\/de\/wp-json\/wp\/v2\/media\/5171"}],"wp:attachment":[{"href":"https:\/\/informacionlocal.es\/de\/wp-json\/wp\/v2\/media?parent=5174"}],"wp:term":[{"taxonomy":"category","embeddable":true,"href":"https:\/\/informacionlocal.es\/de\/wp-json\/wp\/v2\/categories?post=5174"},{"taxonomy":"post_tag","embeddable":true,"href":"https:\/\/informacionlocal.es\/de\/wp-json\/wp\/v2\/tags?post=5174"}],"curies":[{"name":"wp","href":"https:\/\/api.w.org\/{rel}","templated":true}]}}