{"id":5162,"date":"2025-06-09T09:50:59","date_gmt":"2025-06-09T09:50:59","guid":{"rendered":"https:\/\/informacionlocal.es\/durch-das-schnelle-eingreifen-der-ortspolizei-von-la-oliva-und-die-mitarbeit-der-buerger-konnten-schwere-umweltschaeden-am-playa-del-mejillon-verhindert-werden\/"},"modified":"2025-06-09T09:50:59","modified_gmt":"2025-06-09T09:50:59","slug":"durch-das-schnelle-eingreifen-der-ortspolizei-von-la-oliva-und-die-mitarbeit-der-buerger-konnten-schwere-umweltschaeden-am-playa-del-mejillon-verhindert-werden","status":"publish","type":"post","link":"https:\/\/informacionlocal.es\/de\/durch-das-schnelle-eingreifen-der-ortspolizei-von-la-oliva-und-die-mitarbeit-der-buerger-konnten-schwere-umweltschaeden-am-playa-del-mejillon-verhindert-werden\/","title":{"rendered":"Durch das schnelle Eingreifen der Ortspolizei von La Oliva und die Mitarbeit der B\u00fcrger konnten schwere Umweltsch\u00e4den am \u201ePlaya del Mejill\u00f3n\u201c verhindert werden."},"content":{"rendered":"<p>Ein Quad wurde dabei erwischt, wie es illegal in dieses gesch\u00fctzte Gebiet einfuhr, in dem der Fahrzeugverkehr streng verboten ist, da es sich um ein Gebiet von hohem \u00f6kologischem Wert handelt. Diese einzigartige Enklave aus Rhodolithen &#8211; kleinen Kalkalgen, die an Popcorn erinnern &#8211; ist \u00e4u\u00dferst zerbrechlich: Jeder Schritt ist ein Aufprall, und noch mehr die Durchfahrt von R\u00e4dern wie denen dieses Fahrzeugs. <\/p>\n<p>Dank eines von einer anonymen Person \u00fcbermittelten Videos konnte die UMA-Einheit schnell handeln und den T\u00e4ter innerhalb weniger Stunden ausfindig machen und abfangen. Das Eingreifen verhinderte weiteren Schaden und zeigte die Wirksamkeit der Zusammenarbeit zwischen B\u00fcrgern und Strafverfolgungsbeh\u00f6rden. <\/p>\n<p>Der B\u00fcrgermeister von La Oliva, Isa\u00ed Blanco, begl\u00fcckw\u00fcnschte \u201edie Beamten der UMA-Einheit f\u00fcr ihre schnelle und wirksame Reaktion auf diesen schweren Versto\u00df\u201c und dankte der \u00d6ffentlichkeit f\u00fcr ihre Mitarbeit: \u201eDer Schutz unserer Umwelt ist nicht nur eine institutionelle Aufgabe. Wir brauchen eine wachsame und engagierte B\u00fcrgerschaft, und dieser Fall ist ein klares Beispiel daf\u00fcr, wie wir gemeinsam Angriffe auf die Landschaft und das nat\u00fcrliche Erbe, das uns ausmacht, stoppen k\u00f6nnen\u201c.<\/p>\n<p>Der Stadtrat f\u00fcr Umwelt, David Fajardo, wollte seinerseits die besondere Arbeit dieser Spezialeinheit hervorheben: \u201eDie UMA-Einheit wurde geschaffen, um auf die \u00f6kologischen Herausforderungen einer Gemeinde mit einer so ausgedehnten und empfindlichen nat\u00fcrlichen Umwelt wie der unseren zu reagieren. Diese Aktion zeigt, dass ihre Pr\u00e4senz von grundlegender Bedeutung ist\u201c. \u201eDar\u00fcber hinaus sind wir der Person, die den Vorfall aufgezeichnet und gemeldet hat, sehr dankbar. Die Zusammenarbeit mit den B\u00fcrgern ist zusammen mit der technischen und rigorosen Arbeit unserer Mitarbeiter unser bestes Mittel, um so sensible Gebiete wie Playa del Mejill\u00f3n zu sch\u00fctzen\u201c. <\/p>\n<p>Der Stadtrat erinnert die \u00d6ffentlichkeit daran, dass das unbefugte Betreten von Naturschutzgebieten ein schwerwiegender Versto\u00df ist, der mit erheblichen Strafen geahndet werden kann. Er appelliert auch an die B\u00fcrger, weiterhin die offiziellen Kan\u00e4le zu nutzen, um diese Art von Verhalten zu melden und zum Schutz der nat\u00fcrlichen Umwelt der Gemeinde beizutragen. <\/p>\n<p>Die Pflege von La Oliva ist eine Aufgabe f\u00fcr alle. Die Natur wird nicht mit F\u00fc\u00dfen getreten: Sie wird respektiert. <\/p>\n","protected":false},"excerpt":{"rendered":"<p><span>Der Stadtrat von La Oliva w\u00fcrdigt und sch\u00e4tzt die vorbildliche Leistung der UMA-Einheit (Umweltabteilung) der \u00f6rtlichen Polizei sowie das Engagement der B\u00fcrger nach einem Vorfall, der sich an diesem Sonntag am Strand Las Palomitas ereignete, einem der emblematischsten und sensibelsten Naturr\u00e4ume der Gemeinde.<\/span><\/p>\n","protected":false},"author":1,"featured_media":5159,"comment_status":"open","ping_status":"open","sticky":false,"template":"","format":"standard","meta":{"inline_featured_image":false,"jnews-multi-image_gallery":[],"jnews_single_post":[],"jnews_primary_category":[],"jnews_social_meta":[],"jnews_override_counter":[],"jnews_post_split":[],"footnotes":""},"categories":[291],"tags":[199],"class_list":["post-5162","post","type-post","status-publish","format-standard","has-post-thumbnail","hentry","category-la-oliva-de","tag-umwelt"],"jetpack_featured_media_url":"https:\/\/informacionlocal.es\/wp-content\/uploads\/2025\/06\/5210_2e7be558.png","_links":{"self":[{"href":"https:\/\/informacionlocal.es\/de\/wp-json\/wp\/v2\/posts\/5162","targetHints":{"allow":["GET"]}}],"collection":[{"href":"https:\/\/informacionlocal.es\/de\/wp-json\/wp\/v2\/posts"}],"about":[{"href":"https:\/\/informacionlocal.es\/de\/wp-json\/wp\/v2\/types\/post"}],"author":[{"embeddable":true,"href":"https:\/\/informacionlocal.es\/de\/wp-json\/wp\/v2\/users\/1"}],"replies":[{"embeddable":true,"href":"https:\/\/informacionlocal.es\/de\/wp-json\/wp\/v2\/comments?post=5162"}],"version-history":[{"count":0,"href":"https:\/\/informacionlocal.es\/de\/wp-json\/wp\/v2\/posts\/5162\/revisions"}],"wp:featuredmedia":[{"embeddable":true,"href":"https:\/\/informacionlocal.es\/de\/wp-json\/wp\/v2\/media\/5159"}],"wp:attachment":[{"href":"https:\/\/informacionlocal.es\/de\/wp-json\/wp\/v2\/media?parent=5162"}],"wp:term":[{"taxonomy":"category","embeddable":true,"href":"https:\/\/informacionlocal.es\/de\/wp-json\/wp\/v2\/categories?post=5162"},{"taxonomy":"post_tag","embeddable":true,"href":"https:\/\/informacionlocal.es\/de\/wp-json\/wp\/v2\/tags?post=5162"}],"curies":[{"name":"wp","href":"https:\/\/api.w.org\/{rel}","templated":true}]}}