{"id":5126,"date":"2025-06-08T20:21:51","date_gmt":"2025-06-08T20:21:51","guid":{"rendered":"https:\/\/informacionlocal.es\/das-konzert-von-fuerte-autor-unterhaelt-mehr-als-1-500-menschen-in-puerto-del-rosario\/"},"modified":"2025-06-08T20:21:51","modified_gmt":"2025-06-08T20:21:51","slug":"das-konzert-von-fuerte-autor-unterhaelt-mehr-als-1-500-menschen-in-puerto-del-rosario","status":"publish","type":"post","link":"https:\/\/informacionlocal.es\/de\/das-konzert-von-fuerte-autor-unterhaelt-mehr-als-1-500-menschen-in-puerto-del-rosario\/","title":{"rendered":"Das Konzert von Fuerte Autor unterh\u00e4lt mehr als 1.500 Menschen in Puerto del Rosario"},"content":{"rendered":"<div class=\"entry-content\">\n<div class=\"xdj266r x14z9mp xat24cr x1lziwak x1vvkbs x126k92a\">\n<div dir=\"auto\"><span class=\"html-span xexx8yu xyri2b x18d9i69 x1c1uobl x1hl2dhg x16tdsg8 x1vvkbs x3nfvp2 x1j61x8r x1fcty0u xdj266r xat24cr xm2jcoa x1mpyi22 xxymvpz xlup9mm x1kky2od\"><img loading=\"lazy\" decoding=\"async\" loading=\"lazy\" class=\"xz74otr x168nmei x13lgxp2 x5pf9jr xo71vjh\" src=\"https:\/\/informacionlocal.es\/wp-content\/uploads\/2025\/06\/1f3bc.png\" alt=\"\ud83c\udfbc\" width=\"16\" height=\"16\" title=\"1f3bc\"><\/span><span class=\"html-span xexx8yu xyri2b x18d9i69 x1c1uobl x1hl2dhg x16tdsg8 x1vvkbs x3nfvp2 x1j61x8r x1fcty0u xdj266r xat24cr xm2jcoa x1mpyi22 xxymvpz xlup9mm x1kky2od\"><img loading=\"lazy\" decoding=\"async\" loading=\"lazy\" class=\"xz74otr x168nmei x13lgxp2 x5pf9jr xo71vjh\" src=\"https:\/\/informacionlocal.es\/wp-content\/uploads\/2025\/06\/1f3b8.png\" alt=\"\ud83c\udfb8\" width=\"16\" height=\"16\" title=\"1f3b8\"><\/span><span class=\"html-span xexx8yu xyri2b x18d9i69 x1c1uobl x1hl2dhg x16tdsg8 x1vvkbs x3nfvp2 x1j61x8r x1fcty0u xdj266r xat24cr xm2jcoa x1mpyi22 xxymvpz xlup9mm x1kky2od\"><img loading=\"lazy\" decoding=\"async\" loading=\"lazy\" class=\"xz74otr x168nmei x13lgxp2 x5pf9jr xo71vjh\" src=\"https:\/\/informacionlocal.es\/wp-content\/uploads\/2025\/06\/1f3b8.png\" alt=\"\ud83c\udfb8\" width=\"16\" height=\"16\" title=\"1f3b8\"><\/span><span class=\"html-span xexx8yu xyri2b x18d9i69 x1c1uobl x1hl2dhg x16tdsg8 x1vvkbs x3nfvp2 x1j61x8r x1fcty0u xdj266r xat24cr xm2jcoa x1mpyi22 xxymvpz xlup9mm x1kky2od\"><img loading=\"lazy\" decoding=\"async\" loading=\"lazy\" class=\"xz74otr x168nmei x13lgxp2 x5pf9jr xo71vjh\" src=\"https:\/\/informacionlocal.es\/wp-content\/uploads\/2025\/06\/1f941.png\" alt=\"\ud83e\udd41\" width=\"16\" height=\"16\" title=\"1f941\"><\/span>  Am Samstagabend, dem 7. Juni, herrschte in der Gegend der Hornos de Cal de El Charco anl\u00e4sslich des Konzerts von \u201eFuerte Autor\u201c eine sehr gute Stimmung. Organisiert von der Stadtverwaltung von Puerto del Rosario, durch die Abteilung f\u00fcr Kultur. <\/div>\n<\/div>\n<div class=\"x14z9mp xat24cr x1lziwak x1vvkbs xtlvy1s x126k92a\">\n<div dir=\"auto\"><span class=\"html-span xexx8yu xyri2b x18d9i69 x1c1uobl x1hl2dhg x16tdsg8 x1vvkbs x3nfvp2 x1j61x8r x1fcty0u xdj266r xat24cr xm2jcoa x1mpyi22 xxymvpz xlup9mm x1kky2od\"><img loading=\"lazy\" decoding=\"async\" loading=\"lazy\" class=\"xz74otr x168nmei x13lgxp2 x5pf9jr xo71vjh\" src=\"https:\/\/informacionlocal.es\/wp-content\/uploads\/2025\/06\/1f959.png\" alt=\"\ud83e\udd59\" width=\"16\" height=\"16\" title=\"1f959\"><\/span><span class=\"html-span xexx8yu xyri2b x18d9i69 x1c1uobl x1hl2dhg x16tdsg8 x1vvkbs x3nfvp2 x1j61x8r x1fcty0u xdj266r xat24cr xm2jcoa x1mpyi22 xxymvpz xlup9mm x1kky2od\"><img loading=\"lazy\" decoding=\"async\" loading=\"lazy\" class=\"xz74otr x168nmei x13lgxp2 x5pf9jr xo71vjh\" src=\"https:\/\/informacionlocal.es\/wp-content\/uploads\/2025\/06\/1f96a.png\" alt=\"\ud83e\udd6a\" width=\"16\" height=\"16\" title=\"1f96a\"><\/span><span class=\"html-span xexx8yu xyri2b x18d9i69 x1c1uobl x1hl2dhg x16tdsg8 x1vvkbs x3nfvp2 x1j61x8r x1fcty0u xdj266r xat24cr xm2jcoa x1mpyi22 xxymvpz xlup9mm x1kky2od\"><img loading=\"lazy\" decoding=\"async\" loading=\"lazy\" class=\"xz74otr x168nmei x13lgxp2 x5pf9jr xo71vjh\" src=\"https:\/\/informacionlocal.es\/wp-content\/uploads\/2025\/06\/1f377.png\" alt=\"\ud83c\udf77\" width=\"16\" height=\"16\" title=\"1f377\"><\/span>  Mehr als f\u00fcnfzehnhundert Menschen genossen die Musik in einem einzigartigen Rahmen. Ein Abend mit gro\u00dfen Emotionen, mit Marta Soto, Querido, Luis Quintana und einem Vorschlag, der Kultur, Gastronomie und Solidarit\u00e4t vereint. <\/div>\n<\/div>\n<div class=\"x14z9mp xat24cr x1lziwak x1vvkbs xtlvy1s x126k92a\">\n<div dir=\"auto\">W\u00e4hrend des Konzerts \u00f6ffnete das Centro de Interpretaci\u00f3n de los Hornos de Cal (CIHC) seine T\u00fcren bis Mitternacht und empfing 107 Besucher.<\/div>\n<\/div>\n<\/div>\n","protected":false},"excerpt":{"rendered":"<p>Am Samstagabend, dem 7. Juni, herrschte in der Gegend der Hornos de Cal de El Charco anl\u00e4sslich des Konzerts von \u201eFuerte Autor\u201c eine sehr gute Stimmung. Organisiert von der Stadtverwaltung [&hellip;]<\/p>\n","protected":false},"author":1,"featured_media":5099,"comment_status":"open","ping_status":"open","sticky":false,"template":"","format":"standard","meta":{"inline_featured_image":false,"jnews-multi-image_gallery":[],"jnews_single_post":[],"jnews_primary_category":[],"jnews_social_meta":[],"jnews_override_counter":[],"jnews_post_split":[],"footnotes":""},"categories":[293],"tags":[],"class_list":["post-5126","post","type-post","status-publish","format-standard","has-post-thumbnail","hentry","category-puerto-del-rosario-de"],"jetpack_featured_media_url":"https:\/\/informacionlocal.es\/wp-content\/uploads\/2025\/06\/fuerte-autor-25-concierto.jpg","_links":{"self":[{"href":"https:\/\/informacionlocal.es\/de\/wp-json\/wp\/v2\/posts\/5126","targetHints":{"allow":["GET"]}}],"collection":[{"href":"https:\/\/informacionlocal.es\/de\/wp-json\/wp\/v2\/posts"}],"about":[{"href":"https:\/\/informacionlocal.es\/de\/wp-json\/wp\/v2\/types\/post"}],"author":[{"embeddable":true,"href":"https:\/\/informacionlocal.es\/de\/wp-json\/wp\/v2\/users\/1"}],"replies":[{"embeddable":true,"href":"https:\/\/informacionlocal.es\/de\/wp-json\/wp\/v2\/comments?post=5126"}],"version-history":[{"count":0,"href":"https:\/\/informacionlocal.es\/de\/wp-json\/wp\/v2\/posts\/5126\/revisions"}],"wp:featuredmedia":[{"embeddable":true,"href":"https:\/\/informacionlocal.es\/de\/wp-json\/wp\/v2\/media\/5099"}],"wp:attachment":[{"href":"https:\/\/informacionlocal.es\/de\/wp-json\/wp\/v2\/media?parent=5126"}],"wp:term":[{"taxonomy":"category","embeddable":true,"href":"https:\/\/informacionlocal.es\/de\/wp-json\/wp\/v2\/categories?post=5126"},{"taxonomy":"post_tag","embeddable":true,"href":"https:\/\/informacionlocal.es\/de\/wp-json\/wp\/v2\/tags?post=5126"}],"curies":[{"name":"wp","href":"https:\/\/api.w.org\/{rel}","templated":true}]}}