{"id":5090,"date":"2025-06-06T16:18:09","date_gmt":"2025-06-06T16:18:09","guid":{"rendered":"https:\/\/informacionlocal.es\/kinderbeteiligung-und-innovation-gehen-hand-in-hand-um-puerto-del-rosario-zu-verbessern\/"},"modified":"2025-06-06T16:18:09","modified_gmt":"2025-06-06T16:18:09","slug":"kinderbeteiligung-und-innovation-gehen-hand-in-hand-um-puerto-del-rosario-zu-verbessern","status":"publish","type":"post","link":"https:\/\/informacionlocal.es\/de\/kinderbeteiligung-und-innovation-gehen-hand-in-hand-um-puerto-del-rosario-zu-verbessern\/","title":{"rendered":"Kinderbeteiligung und Innovation gehen Hand in Hand, um Puerto del Rosario zu verbessern"},"content":{"rendered":"<div class=\"entry-content\">\n<p>CEIP Poeta Domingo Vel\u00e1zquez hat ein Projekt auf der Grundlage des projektbasierten Lernens (PBL) durchgef\u00fchrt, bei dem die Sch\u00fcler der 5. und 6. Klasse verschiedene Probleme erforscht und gel\u00f6st haben, indem sie computergest\u00fctztes Denken anwandten und innovative Werkzeuge wie Lego Spike Essential, Wedo und Makey Makey einsetzten, und zwar unter Ber\u00fccksichtigung der Verwendung von Recyclingmaterial, um nachhaltige L\u00f6sungen f\u00fcr Umweltprobleme zu finden.<\/p>\n<p>Die Einbindung dieses <strong>Projekts in die Kinderfreundliche Stadt (CAI)<\/strong> hat es den Sch\u00fclern erm\u00f6glicht, ein Projekt zu leiten, dessen Endprodukt auf der Plenarsitzung des Rates f\u00fcr Kinder und Jugendliche am 20. Mai vorgestellt wurde, sowie die Beteiligung und die St\u00e4rkung aktiver und engagierter Kinder als Menschen mit vollen Rechten zu f\u00f6rdern. Dar\u00fcber hinaus war es dank der Existenz der CAI m\u00f6glich, diese Initiative mit dem politischen Teil zu verbinden, indem das von den Sch\u00fclern ausgearbeitete Projekt bekannt gemacht und Vorschl\u00e4ge f\u00fcr ein nachhaltiges und besser kommuniziertes Puerto del Rosario unterbreitet wurden. <\/p>\n<p>Zwei innovative Erfahrungen wurden mit Hilfe der Domotik gemacht. Zum einen die Schaffung einer \u201e15-Minuten-Stadt\u201c, bei der wir nicht nur analysiert haben, ob Puerto del Rosario das Kriterium erf\u00fcllt, dass die wichtigsten Dienstleistungen f\u00fcr jeden B\u00fcrger innerhalb von 15 Minuten erreichbar sein m\u00fcssen, sondern auch eine Reihe von Vorschl\u00e4gen auf der Grundlage realer Alternativen zur Verbesserung der Nachhaltigkeit und der st\u00e4dtischen Intelligenz entwickelt haben, und zum anderen die Schaffung eines Freizeitparks, der der Bev\u00f6lkerung Unterhaltung und Vergn\u00fcgen bietet und die Stadt zu einer Quelle des Unternehmertums macht, das Wohlstand f\u00fcr die Wirtschaft der Gemeinde schafft. <\/p>\n<p>An der Preisverleihung am 6. Juni nahmen der <strong>B\u00fcrgermeister David de Vera und Abgeordnete aus den Abteilungen Bildung, Mobilit\u00e4t, Umwelt und Verkehr<\/strong> teil, die ihre Dankbarkeit und Begeisterung f\u00fcr eine Sch\u00fclergruppe zum Ausdruck brachten, die sich schon fr\u00fch f\u00fcr die Verbesserung der Stadtverwaltung einsetzt und dabei auf Forschung, Dialog und Beteiligung setzt.<\/p>\n<p>Die Folgema\u00dfnahmen zu diesen Vorschl\u00e4gen werden auf der n\u00e4chsten Plenarsitzung des Rates f\u00fcr Kinder und Jugendliche am 20. November bewertet werden.<\/p>\n<\/div>\n","protected":false},"excerpt":{"rendered":"<p>CEIP Poeta Domingo Vel\u00e1zquez hat ein Projekt auf der Grundlage des projektbasierten Lernens (PBL) durchgef\u00fchrt, bei dem die Sch\u00fcler der 5. und 6. Klasse verschiedene Probleme erforscht und gel\u00f6st haben, [&hellip;]<\/p>\n","protected":false},"author":1,"featured_media":5087,"comment_status":"open","ping_status":"open","sticky":false,"template":"","format":"standard","meta":{"inline_featured_image":false,"jnews-multi-image_gallery":[],"jnews_single_post":[],"jnews_primary_category":[],"jnews_social_meta":[],"jnews_override_counter":[],"jnews_post_split":[],"footnotes":""},"categories":[293],"tags":[306,198,199],"class_list":["post-5090","post","type-post","status-publish","format-standard","has-post-thumbnail","hentry","category-puerto-del-rosario-de","tag-educacion-de","tag-transport","tag-umwelt"],"jetpack_featured_media_url":"https:\/\/informacionlocal.es\/wp-content\/uploads\/2025\/06\/cai-titu-smart-city-grupo-maqueta.jpg","_links":{"self":[{"href":"https:\/\/informacionlocal.es\/de\/wp-json\/wp\/v2\/posts\/5090","targetHints":{"allow":["GET"]}}],"collection":[{"href":"https:\/\/informacionlocal.es\/de\/wp-json\/wp\/v2\/posts"}],"about":[{"href":"https:\/\/informacionlocal.es\/de\/wp-json\/wp\/v2\/types\/post"}],"author":[{"embeddable":true,"href":"https:\/\/informacionlocal.es\/de\/wp-json\/wp\/v2\/users\/1"}],"replies":[{"embeddable":true,"href":"https:\/\/informacionlocal.es\/de\/wp-json\/wp\/v2\/comments?post=5090"}],"version-history":[{"count":0,"href":"https:\/\/informacionlocal.es\/de\/wp-json\/wp\/v2\/posts\/5090\/revisions"}],"wp:featuredmedia":[{"embeddable":true,"href":"https:\/\/informacionlocal.es\/de\/wp-json\/wp\/v2\/media\/5087"}],"wp:attachment":[{"href":"https:\/\/informacionlocal.es\/de\/wp-json\/wp\/v2\/media?parent=5090"}],"wp:term":[{"taxonomy":"category","embeddable":true,"href":"https:\/\/informacionlocal.es\/de\/wp-json\/wp\/v2\/categories?post=5090"},{"taxonomy":"post_tag","embeddable":true,"href":"https:\/\/informacionlocal.es\/de\/wp-json\/wp\/v2\/tags?post=5090"}],"curies":[{"name":"wp","href":"https:\/\/api.w.org\/{rel}","templated":true}]}}