{"id":5078,"date":"2025-06-06T15:31:04","date_gmt":"2025-06-06T15:31:04","guid":{"rendered":"https:\/\/informacionlocal.es\/der-buergermeister-david-de-vera-empfaengt-jessica-de-leon-die-tourismusbeauftragte-der-kanarischen-regierung-im-rathaus\/"},"modified":"2025-06-06T15:31:04","modified_gmt":"2025-06-06T15:31:04","slug":"der-buergermeister-david-de-vera-empfaengt-jessica-de-leon-die-tourismusbeauftragte-der-kanarischen-regierung-im-rathaus","status":"publish","type":"post","link":"https:\/\/informacionlocal.es\/de\/der-buergermeister-david-de-vera-empfaengt-jessica-de-leon-die-tourismusbeauftragte-der-kanarischen-regierung-im-rathaus\/","title":{"rendered":"Der B\u00fcrgermeister David de Vera empf\u00e4ngt Jessica de Le\u00f3n, die Tourismusbeauftragte der Kanarischen Regierung, im Rathaus."},"content":{"rendered":"<div class=\"entry-content\">\n<p>Am Freitag, den 6. Juni, um die Mittagszeit, empfing B\u00fcrgermeister David de Vera die Tourismusbeauftragte der Kanarischen Regierung, Jessica de Le\u00f3n, im Rathaus. An dem Treffen nahmen auch die Stadtr\u00e4tin f\u00fcr St\u00e4dtische Arbeiten, Urbanismus und Planung, Ana Mar\u00eda Hern\u00e1ndez, die Stadtr\u00e4tin f\u00fcr Tourismus, Rosa Rodr\u00edguez, die Stadtr\u00e4tin f\u00fcr Handel, Tacoremi Guti\u00e9rrez, und der Gesch\u00e4ftsf\u00fchrer von Gesprotur, einer \u00f6ffentlichen Gesellschaft des Tourismusministeriums der Kanarischen Regierung, teil. <\/p>\n<p>Bei diesem Treffen wurden die verschiedenen Arbeiten und Projekte, die in der Gemeinde Puerto del Rosario geplant sind, besprochen, wie z.B. die Erweiterung der Promenade auf das Gebiet von El Charco, Ma\u00dfnahmen im historischen Zentrum der Hauptstadt, die Sanierung der Plaza de Espa\u00f1a (bekannt als Plaza de los enamorados), die Sanierung der M\u00fchle von La Charca oder der Kreisverkehr in der Stra\u00dfe Admiral Lallermand, neben anderen Themen.<\/p>\n<p>Der B\u00fcrgermeister, David de Vera, erkl\u00e4rte, dass \u201ewir zusammen mit verschiedenen Ratsmitgliedern an verschiedenen Ma\u00dfnahmen f\u00fcr die Gemeinde Puerto del Rosario arbeiten, zusammen mit dem Tourismusministerium der Kanarischen Regierung, wo zahlreiche Arbeiten verschiedener Art geplant sind, die zweifellos den Bewohnern der Gemeinde und denjenigen, die uns besuchen, zugute kommen werden. Ein Fahrplan, der darauf abzielt, einige Verbesserungsziele f\u00fcr die Gemeinde zu erreichen\u201c.<\/p>\n<\/div>\n","protected":false},"excerpt":{"rendered":"<p>Am Freitag, den 6. Juni, um die Mittagszeit, empfing B\u00fcrgermeister David de Vera die Tourismusbeauftragte der Kanarischen Regierung, Jessica de Le\u00f3n, im Rathaus. An dem Treffen nahmen auch die Stadtr\u00e4tin [&hellip;]<\/p>\n","protected":false},"author":1,"featured_media":5075,"comment_status":"open","ping_status":"open","sticky":false,"template":"","format":"standard","meta":{"inline_featured_image":false,"jnews-multi-image_gallery":[],"jnews_single_post":[],"jnews_primary_category":[],"jnews_social_meta":[],"jnews_override_counter":[],"jnews_post_split":[],"footnotes":""},"categories":[293],"tags":[],"class_list":["post-5078","post","type-post","status-publish","format-standard","has-post-thumbnail","hentry","category-puerto-del-rosario-de"],"jetpack_featured_media_url":"https:\/\/informacionlocal.es\/wp-content\/uploads\/2025\/06\/jessica-de-leon-concejales-060625.jpg","_links":{"self":[{"href":"https:\/\/informacionlocal.es\/de\/wp-json\/wp\/v2\/posts\/5078","targetHints":{"allow":["GET"]}}],"collection":[{"href":"https:\/\/informacionlocal.es\/de\/wp-json\/wp\/v2\/posts"}],"about":[{"href":"https:\/\/informacionlocal.es\/de\/wp-json\/wp\/v2\/types\/post"}],"author":[{"embeddable":true,"href":"https:\/\/informacionlocal.es\/de\/wp-json\/wp\/v2\/users\/1"}],"replies":[{"embeddable":true,"href":"https:\/\/informacionlocal.es\/de\/wp-json\/wp\/v2\/comments?post=5078"}],"version-history":[{"count":0,"href":"https:\/\/informacionlocal.es\/de\/wp-json\/wp\/v2\/posts\/5078\/revisions"}],"wp:featuredmedia":[{"embeddable":true,"href":"https:\/\/informacionlocal.es\/de\/wp-json\/wp\/v2\/media\/5075"}],"wp:attachment":[{"href":"https:\/\/informacionlocal.es\/de\/wp-json\/wp\/v2\/media?parent=5078"}],"wp:term":[{"taxonomy":"category","embeddable":true,"href":"https:\/\/informacionlocal.es\/de\/wp-json\/wp\/v2\/categories?post=5078"},{"taxonomy":"post_tag","embeddable":true,"href":"https:\/\/informacionlocal.es\/de\/wp-json\/wp\/v2\/tags?post=5078"}],"curies":[{"name":"wp","href":"https:\/\/api.w.org\/{rel}","templated":true}]}}