{"id":5053,"date":"2025-06-06T10:52:07","date_gmt":"2025-06-06T10:52:07","guid":{"rendered":"https:\/\/informacionlocal.es\/los-lajares-veranstaltet-die-zweite-ausgabe-des-festivals-mareta-de-sonidos\/"},"modified":"2025-06-06T10:52:07","modified_gmt":"2025-06-06T10:52:07","slug":"los-lajares-veranstaltet-die-zweite-ausgabe-des-festivals-mareta-de-sonidos","status":"publish","type":"post","link":"https:\/\/informacionlocal.es\/de\/los-lajares-veranstaltet-die-zweite-ausgabe-des-festivals-mareta-de-sonidos\/","title":{"rendered":"Los Lajares veranstaltet die zweite Ausgabe des Festivals Mareta de Sonidos"},"content":{"rendered":"<p>Die Fiestas zu Ehren von San Antonio de Padua in Los Lajares werden am 12. Juni das II Festival Mareta de Sonido ausrichten. Das Treffen soll als Lautsprecher dienen, um die musikalischen Kl\u00e4nge des Nordens der Insel zusammenzubringen, so dass verschiedene Stile und imagin\u00e4re vielf\u00e4ltig und gut ausgestattet mit kreativer Reife und Pers\u00f6nlichkeit der Region bekannt sind. Zu den K\u00fcnstlern, die die Melodie f\u00fcr die Veranstaltung liefern werden, geh\u00f6ren Tamar Water, Sweet Swamp, Cabritofrito und Papaya Subtropical. In diesem Sinne werden Genres wie R&amp;B, Funk, Swamp Blues, Rock und Electronica ab 20:00 Uhr auf der B\u00fchne des Stadtplatzes zusammenkommen.   <\/p>\n<p>Der Name des Festes bezieht sich auf die Bedeutung der Maretas, jener Elemente, die versuchen, das Wasser des sp\u00e4rlichen Regens zu tragen, den die Passatwinde \u00fcber Fuerteventura hinterlassen. Das Treffen wird also genau diese Gruppen und Stile, die den n\u00f6rdlichen Teil der Insel durchstreifen, an einem einzigen Punkt, Los Lajares, zusammenbringen, um Einheimische und Besucher w\u00e4hrend der Feierlichkeiten zu Ehren von San Antonio de Padua, dem Fest, mit dem die Sommerfestivit\u00e4ten er\u00f6ffnet werden, zu erfreuen.   <\/p>\n<p>Der B\u00fcrgermeister von La Oliva, Isa\u00ed Blanco, bringt den Wunsch zum Ausdruck, auch weiterhin alternativen Gruppen und K\u00fcnstlern, die in der Gemeinde leben, Raum zu geben: \u201eEin Treffen wie das Festival Mareta de Sonidos wird nicht nur zu einer Veranstaltung, bei der man verschiedene Musikgenres genie\u00dfen kann, sondern auch zu einem Lautsprecher f\u00fcr K\u00fcnstler aus der Region. Wir sind stolz darauf, dass die Gemeinde \u00fcber eine gro\u00dfe Vielfalt an Bands mit unterschiedlichen Stilen verf\u00fcgt, ein kultureller Reichtum, der sich zweifellos in diesem Musikereignis widerspiegeln wird\u201c.  <\/p>\n<p>Die Stadtr\u00e4tin f\u00fcr Festlichkeiten, Omaira Saavedra, sagte: \u201eWir von der Abteilung f\u00fcr Festlichkeiten laden Sie ein, diese zweite Ausgabe des Festivals Mareta de Sonidos in Los Lajares und alle Aktivit\u00e4ten und Veranstaltungen des Festes zu Ehren von San Antonio de Padua vom 5. bis 14. Juni zu genie\u00dfen\u201c.<\/p>\n","protected":false},"excerpt":{"rendered":"<p><span>Am 12. Juni wird der Stadtplatz im Rahmen der Feierlichkeiten zu Ehren von San Antonio de Padua von den besten Kl\u00e4ngen der Gemeinde erf\u00fcllt sein, die von Gruppen mit eigenem Charakter dargeboten werden.<\/span><\/p>\n","protected":false},"author":1,"featured_media":5051,"comment_status":"open","ping_status":"open","sticky":false,"template":"","format":"standard","meta":{"inline_featured_image":false,"jnews-multi-image_gallery":[],"jnews_single_post":[],"jnews_primary_category":[],"jnews_social_meta":[],"jnews_override_counter":[],"jnews_post_split":[],"footnotes":""},"categories":[291],"tags":[216],"class_list":["post-5053","post","type-post","status-publish","format-standard","has-post-thumbnail","hentry","category-la-oliva-de","tag-fuerteventura-de"],"jetpack_featured_media_url":"https:\/\/informacionlocal.es\/wp-content\/uploads\/2025\/06\/5209_8a837bf1.png","_links":{"self":[{"href":"https:\/\/informacionlocal.es\/de\/wp-json\/wp\/v2\/posts\/5053","targetHints":{"allow":["GET"]}}],"collection":[{"href":"https:\/\/informacionlocal.es\/de\/wp-json\/wp\/v2\/posts"}],"about":[{"href":"https:\/\/informacionlocal.es\/de\/wp-json\/wp\/v2\/types\/post"}],"author":[{"embeddable":true,"href":"https:\/\/informacionlocal.es\/de\/wp-json\/wp\/v2\/users\/1"}],"replies":[{"embeddable":true,"href":"https:\/\/informacionlocal.es\/de\/wp-json\/wp\/v2\/comments?post=5053"}],"version-history":[{"count":0,"href":"https:\/\/informacionlocal.es\/de\/wp-json\/wp\/v2\/posts\/5053\/revisions"}],"wp:featuredmedia":[{"embeddable":true,"href":"https:\/\/informacionlocal.es\/de\/wp-json\/wp\/v2\/media\/5051"}],"wp:attachment":[{"href":"https:\/\/informacionlocal.es\/de\/wp-json\/wp\/v2\/media?parent=5053"}],"wp:term":[{"taxonomy":"category","embeddable":true,"href":"https:\/\/informacionlocal.es\/de\/wp-json\/wp\/v2\/categories?post=5053"},{"taxonomy":"post_tag","embeddable":true,"href":"https:\/\/informacionlocal.es\/de\/wp-json\/wp\/v2\/tags?post=5053"}],"curies":[{"name":"wp","href":"https:\/\/api.w.org\/{rel}","templated":true}]}}