{"id":5030,"date":"2025-06-06T00:34:06","date_gmt":"2025-06-06T00:34:06","guid":{"rendered":"https:\/\/informacionlocal.es\/puerto-del-rosario-verstaerkt-seine-sicherheit-mit-neuer-ausruestung-fuer-notfaelle-und-seenotrettung\/"},"modified":"2025-06-06T00:34:06","modified_gmt":"2025-06-06T00:34:06","slug":"puerto-del-rosario-verstaerkt-seine-sicherheit-mit-neuer-ausruestung-fuer-notfaelle-und-seenotrettung","status":"publish","type":"post","link":"https:\/\/informacionlocal.es\/de\/puerto-del-rosario-verstaerkt-seine-sicherheit-mit-neuer-ausruestung-fuer-notfaelle-und-seenotrettung\/","title":{"rendered":"Puerto del Rosario verst\u00e4rkt seine Sicherheit mit neuer Ausr\u00fcstung f\u00fcr Notf\u00e4lle und Seenotrettung."},"content":{"rendered":"<div class=\"entry-content\">\n<p>Die Stadtverwaltung von Puerto del Rosario hat am Donnerstag, den 5. Juni, \u00fcber die Abteilung f\u00fcr Notf\u00e4lle die neue Spezialausr\u00fcstung f\u00fcr Eins\u00e4tze in Notsituationen und die Seenotrettung vorgestellt. Diese Anschaffung bekr\u00e4ftigt das <strong>Engagement der Stadtverwaltung f\u00fcr die Sicherheit der B\u00fcrger<\/strong>, insbesondere im K\u00fcstenbereich und bei nautischen Aktivit\u00e4ten. <\/p>\n<p>Die neue Ausr\u00fcstung umfasst ein Boot vom Typ Zodiac, eine hochmoderne Drohne f\u00fcr Rettungseins\u00e4tze auf See und Wasserturbinen mit Schnellantrieb. Diese Hilfsmittel werden in die t\u00e4glichen Eins\u00e4tze der st\u00e4dtischen Feuerwehr integriert, die bereits eine spezielle technische Schulung f\u00fcr ihren Einsatz erhalten hat. <\/p>\n<p>Dar\u00fcber hinaus konnte die Initiative auf die Mitarbeit des koordinierenden Technikers der Stadtverwaltung von La Oliva z\u00e4hlen, der sowohl das Personal der <strong>Feuerwehr von Puerto del Rosario<\/strong> als auch die <strong>Studenten des mittleren Zyklus f\u00fcr Gesundheitstransport der IES Majada Marcial<\/strong> geschult hat <strong>.<\/strong> Diese Zusammenarbeit st\u00e4rkt auch die interkommunalen Beziehungen im Bereich der Notf\u00e4lle und tr\u00e4gt zur praktischen Ausbildung k\u00fcnftiger Fachleute in diesem Bereich bei.<\/p>\n<p><strong>David de Vera<\/strong>, B\u00fcrgermeister von Puerto del Rosario, betonte, dass <em>\u201edie Sicherheit unserer K\u00fcsten und die F\u00e4higkeit, schnell auf Notf\u00e4lle zu reagieren, absolute Priorit\u00e4ten f\u00fcr dieses Rathaus sind. Diese Investition in Technologie und Ausbildung zeigt, dass wir uns f\u00fcr eine vorbereitete und widerstandsf\u00e4hige Stadt einsetzen. Wir sind besonders dankbar f\u00fcr die Zusammenarbeit mit der Stadtverwaltung von La Oliva und das Engagement der Ausbilder und der \u00f6rtlichen Feuerwehrleute f\u00fcr ihre Beteiligung an diesem Prozess\u201c.<\/em><\/p>\n<p><em> <\/em>Die Stadtr\u00e4tin f\u00fcr Vertragswesen, <strong>Mar\u00eda Franco<\/strong>, betonte ihrerseits, dass<em> \u201ediese Anschaffung das Ergebnis einer effizienten Verwaltung der \u00f6ffentlichen Mittel ist. Wir engagieren uns f\u00fcr Investitionen, die sich wirklich auf das Leben der Menschen auswirken, und die Gew\u00e4hrleistung einer wirksamen Reaktion auf Notf\u00e4lle ist eine davon. Wir werden weiterhin daran arbeiten, unsere Dienste mit den bestm\u00f6glichen Mitteln, mit Transparenz und Verantwortung zu erbringen\u201c.<\/em><\/p>\n<p>Die Stadtverwaltung von Puerto del Rosario wird weiterhin daran arbeiten, die Mittel f\u00fcr die Sicherheit und den Schutz der B\u00fcrger zu erweitern und zu verbessern, wobei der Schwerpunkt auf Pr\u00e4vention, Professionalisierung und institutioneller Zusammenarbeit liegt.<\/p>\n<\/div>\n","protected":false},"excerpt":{"rendered":"<p>Die Stadtverwaltung von Puerto del Rosario hat am Donnerstag, den 5. Juni, \u00fcber die Abteilung f\u00fcr Notf\u00e4lle die neue Spezialausr\u00fcstung f\u00fcr Eins\u00e4tze in Notsituationen und die Seenotrettung vorgestellt. Diese Anschaffung [&hellip;]<\/p>\n","protected":false},"author":1,"featured_media":5027,"comment_status":"open","ping_status":"open","sticky":false,"template":"","format":"standard","meta":{"inline_featured_image":false,"jnews-multi-image_gallery":[],"jnews_single_post":[],"jnews_primary_category":[],"jnews_social_meta":[],"jnews_override_counter":[],"jnews_post_split":[],"footnotes":""},"categories":[293],"tags":[347,263],"class_list":["post-5030","post","type-post","status-publish","format-standard","has-post-thumbnail","hentry","category-puerto-del-rosario-de","tag-institutionelle-zusammenarbeit","tag-sicherheit"],"jetpack_featured_media_url":"https:\/\/informacionlocal.es\/wp-content\/uploads\/2025\/06\/bomberos-titu-grupo-060525.jpg","_links":{"self":[{"href":"https:\/\/informacionlocal.es\/de\/wp-json\/wp\/v2\/posts\/5030","targetHints":{"allow":["GET"]}}],"collection":[{"href":"https:\/\/informacionlocal.es\/de\/wp-json\/wp\/v2\/posts"}],"about":[{"href":"https:\/\/informacionlocal.es\/de\/wp-json\/wp\/v2\/types\/post"}],"author":[{"embeddable":true,"href":"https:\/\/informacionlocal.es\/de\/wp-json\/wp\/v2\/users\/1"}],"replies":[{"embeddable":true,"href":"https:\/\/informacionlocal.es\/de\/wp-json\/wp\/v2\/comments?post=5030"}],"version-history":[{"count":0,"href":"https:\/\/informacionlocal.es\/de\/wp-json\/wp\/v2\/posts\/5030\/revisions"}],"wp:featuredmedia":[{"embeddable":true,"href":"https:\/\/informacionlocal.es\/de\/wp-json\/wp\/v2\/media\/5027"}],"wp:attachment":[{"href":"https:\/\/informacionlocal.es\/de\/wp-json\/wp\/v2\/media?parent=5030"}],"wp:term":[{"taxonomy":"category","embeddable":true,"href":"https:\/\/informacionlocal.es\/de\/wp-json\/wp\/v2\/categories?post=5030"},{"taxonomy":"post_tag","embeddable":true,"href":"https:\/\/informacionlocal.es\/de\/wp-json\/wp\/v2\/tags?post=5030"}],"curies":[{"name":"wp","href":"https:\/\/api.w.org\/{rel}","templated":true}]}}