{"id":5018,"date":"2025-06-05T22:43:04","date_gmt":"2025-06-05T22:43:04","guid":{"rendered":"https:\/\/informacionlocal.es\/das-jugendzentrum-los-pozos-veranstaltet-den-start-des-projekts-junge-menschen-auf-dem-kompass-des-wandels\/"},"modified":"2025-06-05T22:43:04","modified_gmt":"2025-06-05T22:43:04","slug":"das-jugendzentrum-los-pozos-veranstaltet-den-start-des-projekts-junge-menschen-auf-dem-kompass-des-wandels","status":"publish","type":"post","link":"https:\/\/informacionlocal.es\/de\/das-jugendzentrum-los-pozos-veranstaltet-den-start-des-projekts-junge-menschen-auf-dem-kompass-des-wandels\/","title":{"rendered":"Das Jugendzentrum Los Pozos veranstaltet den Start des Projekts \u201eJunge Menschen auf dem Kompass des Wandels\u201c."},"content":{"rendered":"<div class=\"entry-content\">\n<p>Die Stadtverwaltung von Puerto del Rosario startet \u00fcber die Jugendabteilung das Projekt \u201eJugend im Kompass des Wandels\u201c, eine Initiative, die die aktive Beteiligung der Jugendlichen der Gemeinde an der Erarbeitung von L\u00f6sungen f\u00fcr ihre Anliegen, Vorschl\u00e4ge und Bed\u00fcrfnisse f\u00f6rdern soll.<\/p>\n<p>Die Preisverleihung fand am Donnerstagmorgen, dem 5. Juni, im Jugendzentrum Los Pozos statt, einer Anlaufstelle f\u00fcr junge Menschen in Puerto del Rosario. Dieses Projekt zielt darauf ab, einen Raum f\u00fcr Dialog, Reflexion und Aktion zu schaffen, in dem die Stimmen der Jugendlichen die Protagonisten des sozialen, kulturellen und gemeinschaftlichen Wandels sind. <\/p>\n<p>Von nun an werden die Treffen jeden Mittwoch von 18:00 bis 20:00 Uhr im Jugendzentrum Los Pozos stattfinden. Dar\u00fcber hinaus wird das Projekt in die verschiedenen D\u00f6rfer und Stadtteile der Gemeinde verlagert, um mehr junge Menschen anzusprechen und ihre Beitr\u00e4ge zu sammeln. Die genauen Zeiten und Orte dieser Treffen werden \u00fcber die sozialen Netzwerke von Puerto Joven, der st\u00e4dtischen Jugendplattform, bekannt gegeben.  <\/p>\n<p>Der <strong>B\u00fcrgermeister David de Vera <\/strong>betonte \u201edie Bedeutung der Beteiligung junger Menschen an Themen, die sie betreffen, wo sie verschiedene Ma\u00dfnahmen analysieren und vorschlagen k\u00f6nnen, da sie die wichtigsten Bed\u00fcrfnisse am besten kennen und ihre Vorschl\u00e4ge einbringen k\u00f6nnen\u201c.<\/p>\n<p><strong>Jugendstadtr\u00e4tin Jenifer P\u00e9rez <\/strong>l\u00e4dt alle Jugendlichen der Gemeinde ein, sich diesem kollektiven Prozess anzuschlie\u00dfen und aktiv an der Umgestaltung ihres Umfelds mitzuwirken.<\/p>\n<p>An der Pr\u00e4sentation nahmen der Generaldirektor f\u00fcr Jugend der Regierung der Kanarischen Inseln und Vertreter der Adsis-Stiftung teil.<\/p>\n<\/div>\n","protected":false},"excerpt":{"rendered":"<p>Die Stadtverwaltung von Puerto del Rosario startet \u00fcber die Jugendabteilung das Projekt \u201eJugend im Kompass des Wandels\u201c, eine Initiative, die die aktive Beteiligung der Jugendlichen der Gemeinde an der Erarbeitung [&hellip;]<\/p>\n","protected":false},"author":1,"featured_media":5015,"comment_status":"open","ping_status":"open","sticky":false,"template":"","format":"standard","meta":{"inline_featured_image":false,"jnews-multi-image_gallery":[],"jnews_single_post":[],"jnews_primary_category":[],"jnews_social_meta":[],"jnews_override_counter":[],"jnews_post_split":[],"footnotes":""},"categories":[293],"tags":[],"class_list":["post-5018","post","type-post","status-publish","format-standard","has-post-thumbnail","hentry","category-puerto-del-rosario-de"],"jetpack_featured_media_url":"https:\/\/informacionlocal.es\/wp-content\/uploads\/2025\/06\/los-pozos-titu-autoridades-brujula-del-cambio-050625.jpg","_links":{"self":[{"href":"https:\/\/informacionlocal.es\/de\/wp-json\/wp\/v2\/posts\/5018","targetHints":{"allow":["GET"]}}],"collection":[{"href":"https:\/\/informacionlocal.es\/de\/wp-json\/wp\/v2\/posts"}],"about":[{"href":"https:\/\/informacionlocal.es\/de\/wp-json\/wp\/v2\/types\/post"}],"author":[{"embeddable":true,"href":"https:\/\/informacionlocal.es\/de\/wp-json\/wp\/v2\/users\/1"}],"replies":[{"embeddable":true,"href":"https:\/\/informacionlocal.es\/de\/wp-json\/wp\/v2\/comments?post=5018"}],"version-history":[{"count":0,"href":"https:\/\/informacionlocal.es\/de\/wp-json\/wp\/v2\/posts\/5018\/revisions"}],"wp:featuredmedia":[{"embeddable":true,"href":"https:\/\/informacionlocal.es\/de\/wp-json\/wp\/v2\/media\/5015"}],"wp:attachment":[{"href":"https:\/\/informacionlocal.es\/de\/wp-json\/wp\/v2\/media?parent=5018"}],"wp:term":[{"taxonomy":"category","embeddable":true,"href":"https:\/\/informacionlocal.es\/de\/wp-json\/wp\/v2\/categories?post=5018"},{"taxonomy":"post_tag","embeddable":true,"href":"https:\/\/informacionlocal.es\/de\/wp-json\/wp\/v2\/tags?post=5018"}],"curies":[{"name":"wp","href":"https:\/\/api.w.org\/{rel}","templated":true}]}}