{"id":4994,"date":"2025-06-05T22:25:44","date_gmt":"2025-06-05T22:25:44","guid":{"rendered":"https:\/\/informacionlocal.es\/der-katalog-zum-schutz-der-kulturgueter-und-des-kulturellen-erbes-von-puerto-del-rosario-kann-ab-sofort-besichtigt-werden\/"},"modified":"2025-06-05T22:25:44","modified_gmt":"2025-06-05T22:25:44","slug":"der-katalog-zum-schutz-der-kulturgueter-und-des-kulturellen-erbes-von-puerto-del-rosario-kann-ab-sofort-besichtigt-werden","status":"publish","type":"post","link":"https:\/\/informacionlocal.es\/de\/der-katalog-zum-schutz-der-kulturgueter-und-des-kulturellen-erbes-von-puerto-del-rosario-kann-ab-sofort-besichtigt-werden\/","title":{"rendered":"Der Katalog zum Schutz der Kulturg\u00fcter und des kulturellen Erbes von Puerto del Rosario kann ab sofort besichtigt werden."},"content":{"rendered":"<div class=\"entry-content\">\n<p>Am heutigen Donnerstag, dem 5. Juni, wurde der Beschluss zur Genehmigung des Katalogs zum Schutz der Gemeinden im Kanarischen Amtsblatt (BOC) ver\u00f6ffentlicht, womit ein Monat der \u00f6ffentlichen Auslegung beginnt, in dem die \u00d6ffentlichkeit das Dokument einsehen und Einw\u00e4nde vorbringen kann.<\/p>\n<p>Der Stadtrat von Puerto del Rosario setzt sein Engagement f\u00fcr die Erhaltung des kulturellen Erbes der Gemeinde fort, indem er den <strong>Katalog f\u00fcr den Schutz des kulturellen Erbes und der Kulturg\u00fcter<\/strong> verabschiedet hat, ein strategisches Dokument, das die Organisation, den Schutz und die Aufwertung des historischen, architektonischen, ethnografischen, arch\u00e4ologischen, pal\u00e4ontologischen und landschaftlichen Erbes der Gemeinde erm\u00f6glicht.<\/p>\n<p>Dieser Katalog, der von CF Cabrera Febles, Arquitectura Paisaje y Urbanismo, SLP, erstellt wurde, umfasst insgesamt <strong>843 Objekte, die nun einen rechtlichen und technischen Schutzrahmen erhalten werden<\/strong>, was einen entscheidenden Schritt zur Gew\u00e4hrleistung ihrer langfristigen Erhaltung darstellt.<\/p>\n<p><em>\u201eMit diesem Katalog unternehmen wir einen grundlegenden Schritt, um die Erhaltung des kulturellen und nat\u00fcrlichen Erbes unserer Gemeinde zu gew\u00e4hrleisten. Wir st\u00e4rken unsere Identit\u00e4t als Stadt und sorgen daf\u00fcr, dass auch k\u00fcnftige Generationen unser kulturelles Erbe kennen und genie\u00dfen k\u00f6nnen\u201c,<\/em> sagte der B\u00fcrgermeister von Puerto del Rosario, <strong>David de Vera<\/strong>, der betonte, dass dieses Regelungsinstrument Teil einer globalen Vision einer Stadt ist, die in die Zukunft blickt, ohne ihre Wurzeln zu verlieren.<\/p>\n<p>W\u00e4hrend dieses Zeitraums kann die Akte pers\u00f6nlich im neuen <strong>Informationsb\u00fcro des kommunalen Schutzkatalogs<\/strong> eingesehen werden.<\/p>\n<p><em>Calle Doctor Mena n\u00ba 2, Puerto del Rosario.<br \/>\u00d6ffnungszeiten: Montag bis Freitag, von 10:00 bis 14:00 Uhr und von 17:00 bis 20:00 Uhr.<br \/>Kundenservice-Telefon (aktiv w\u00e4hrend der B\u00fcrozeiten): 623 957 810<br \/>Verf\u00fcgbar ab Montag, 9. Juni 2025.<\/em><\/p>\n<p><em>Dar\u00fcber hinaus ist das vollst\u00e4ndige Dokument \u00fcber das Webportal <strong>catalogo.puertodelrosario.org<\/strong> online einsehbar.<\/em><\/p>\n<p>Um die Beteiligung der B\u00fcrger zu f\u00f6rdern und Zweifel direkt auszur\u00e4umen, hat der Stadtrat eine Reihe von <strong>Informationsveranstaltungen<\/strong> f\u00fcr die Einwohner anberaumt, die in verschiedenen Teilen der Gemeinde stattfinden werden:<\/p>\n<ul>\n<li>Montag, 16. Juni, 18:00 Uhr &#8211; Bibliothek von Puerto del Rosario.<\/li>\n<li>Dienstag, 17. Juni, 18:00 Uhr &#8211; Kulturzentrum von Tetir.<\/li>\n<li>Mittwoch, 18. Juni, 18:00 Uhr &#8211; Casillas del \u00c1ngel.<\/li>\n<li>Donnerstag, 19. Juni, 18:00 Uhr &#8211; Tef\u00eda.<\/li>\n<\/ul>\n<p>Der Stadtrat f\u00fcr historisches Erbe, <strong>David de Le\u00f3n<\/strong>, betonte, dass <em>\u201edieser Katalog nicht nur unsere Werte klassifiziert und sch\u00fctzt, sondern auch eine strenge technische Grundlage schafft, die es der Stadtverwaltung erm\u00f6glicht, bei der st\u00e4dtischen und territorialen Entwicklung mit mehr Verantwortung und Sensibilit\u00e4t zu handeln\u201c.<\/em> Er rief auch zur Beteiligung der Nachbarschaft auf: <em>\u201eEs handelt sich um einen offenen und partizipativen Prozess; wir laden alle B\u00fcrger ein, sich einzubringen, einen Beitrag zu leisten und uns zu helfen, das zu bewahren, was uns als Gemeinschaft ausmacht\u201c.<\/em><\/p>\n<p>Mit der Erstgenehmigung des Katalogs wird auch <strong>die Erteilung von st\u00e4dtebaulichen Genehmigungen<\/strong> f\u00fcr die zu sch\u00fctzenden Grundst\u00fccke oder Immobilien f\u00fcr ein Jahr oder bis zur endg\u00fcltigen Genehmigung des Dokuments <strong>ausgesetzt<\/strong>. Ziel dieser Ma\u00dfnahme ist es, \u00c4nderungen zu vermeiden, die den Wert der Immobilie beeintr\u00e4chtigen k\u00f6nnten, w\u00e4hrend das Schutzverfahren abgeschlossen wird. <\/p>\n<p>Projekte, die an die zum Zeitpunkt der Antragstellung geltende Regelung angepasst sind, k\u00f6nnen jedoch bearbeitet und Genehmigungen erteilt werden, sofern diese Regelung durch die mit dem zu bearbeitenden Planungsinstrument vorgeschlagenen Festlegungen nicht ge\u00e4ndert wurde oder die urspr\u00fcnglich genehmigten Festlegungen nach der \u00c4nderung weniger restriktiv oder einschr\u00e4nkend sind als die der geltenden Planung.<\/p>\n<\/div>\n","protected":false},"excerpt":{"rendered":"<p>Am heutigen Donnerstag, dem 5. Juni, wurde der Beschluss zur Genehmigung des Katalogs zum Schutz der Gemeinden im Kanarischen Amtsblatt (BOC) ver\u00f6ffentlicht, womit ein Monat der \u00f6ffentlichen Auslegung beginnt, in [&hellip;]<\/p>\n","protected":false},"author":1,"featured_media":4991,"comment_status":"open","ping_status":"open","sticky":false,"template":"","format":"standard","meta":{"inline_featured_image":false,"jnews-multi-image_gallery":[],"jnews_single_post":[],"jnews_primary_category":[],"jnews_social_meta":[],"jnews_override_counter":[],"jnews_post_split":[],"footnotes":""},"categories":[293],"tags":[],"class_list":["post-4994","post","type-post","status-publish","format-standard","has-post-thumbnail","hentry","category-puerto-del-rosario-de"],"jetpack_featured_media_url":"https:\/\/informacionlocal.es\/wp-content\/uploads\/2025\/06\/catalogo-22-oficina-exterior.jpg","_links":{"self":[{"href":"https:\/\/informacionlocal.es\/de\/wp-json\/wp\/v2\/posts\/4994","targetHints":{"allow":["GET"]}}],"collection":[{"href":"https:\/\/informacionlocal.es\/de\/wp-json\/wp\/v2\/posts"}],"about":[{"href":"https:\/\/informacionlocal.es\/de\/wp-json\/wp\/v2\/types\/post"}],"author":[{"embeddable":true,"href":"https:\/\/informacionlocal.es\/de\/wp-json\/wp\/v2\/users\/1"}],"replies":[{"embeddable":true,"href":"https:\/\/informacionlocal.es\/de\/wp-json\/wp\/v2\/comments?post=4994"}],"version-history":[{"count":0,"href":"https:\/\/informacionlocal.es\/de\/wp-json\/wp\/v2\/posts\/4994\/revisions"}],"wp:featuredmedia":[{"embeddable":true,"href":"https:\/\/informacionlocal.es\/de\/wp-json\/wp\/v2\/media\/4991"}],"wp:attachment":[{"href":"https:\/\/informacionlocal.es\/de\/wp-json\/wp\/v2\/media?parent=4994"}],"wp:term":[{"taxonomy":"category","embeddable":true,"href":"https:\/\/informacionlocal.es\/de\/wp-json\/wp\/v2\/categories?post=4994"},{"taxonomy":"post_tag","embeddable":true,"href":"https:\/\/informacionlocal.es\/de\/wp-json\/wp\/v2\/tags?post=4994"}],"curies":[{"name":"wp","href":"https:\/\/api.w.org\/{rel}","templated":true}]}}