{"id":4982,"date":"2025-06-05T14:33:22","date_gmt":"2025-06-05T14:33:22","guid":{"rendered":"https:\/\/informacionlocal.es\/jacinto-el-pescador-wird-der-ausrufer-fuer-die-fiestas-de-pozo-negro-2025-sein\/"},"modified":"2025-06-05T14:33:22","modified_gmt":"2025-06-05T14:33:22","slug":"jacinto-el-pescador-wird-der-ausrufer-fuer-die-fiestas-de-pozo-negro-2025-sein","status":"publish","type":"post","link":"https:\/\/informacionlocal.es\/de\/jacinto-el-pescador-wird-der-ausrufer-fuer-die-fiestas-de-pozo-negro-2025-sein\/","title":{"rendered":"Jacinto el Pescador wird der Ausrufer f\u00fcr die Fiestas de Pozo Negro 2025 sein."},"content":{"rendered":"<div class=\"elementor-widget-container\">\n<p><strong>Jacinto el Pescador wird der Ausrufer f\u00fcr die Fiestas de Pozo Negro 2025 sein.<\/strong><\/p>\n<p><strong>&#8211; Der in Pozo Negro geborene Seemann D. Jacinto P\u00e9rez P\u00e9rez wird der Pregonero der Fiestas zu Ehren von San Juan 2025 sein.<\/strong><\/p>\n<p>Der B\u00fcrgermeister von Antigua, Mat\u00edas Pe\u00f1a Garc\u00eda, und der Stadtrat f\u00fcr Festlichkeiten, Pedro M. Armas Mart\u00edn, \u00fcberraschten Jacinto P\u00e9rez P\u00e9rez P\u00e9rez an diesem Donnerstagmorgen in seinem Haus, um ihn offiziell als diesj\u00e4hrigen Ausrufer der Festlichkeiten von Pozo Negro vorzuschlagen, dem Dorf, in dem er geboren wurde und in dem er aufgewachsen ist und eine Familie gegr\u00fcndet hat, da er Seemann und Fischer ist.<\/p>\n<p>Da er an der Rekonstruktion eines Schiffes arbeitet, war er nerv\u00f6s und aufgeregt wegen des Auftrags. Er nahm die Aufgabe an und dachte an all die Details, die organisiert werden mussten, sagt der Stadtrat f\u00fcr Festlichkeiten, Pedro Armas.<\/p>\n<p>Die Ausrufer der Fiestas eines jeden Dorfes sollten aus dem Dorf selbst kommen und diejenigen sein, die am meisten zu erz\u00e4hlen haben, sei es vom Alter oder vom Leben her, und Jacinto, so der B\u00fcrgermeister Mat\u00edas Pe\u00f1a, hat viele Anekdoten dar\u00fcber zu erz\u00e4hlen, wie dieses Dorf Pozo Negro war und ist, da es der Familienstrand der Gemeinde, der erste nat\u00fcrliche Hafen der Insel und der Ein- und Ausgang der Fischer von damals war, die er sein Leben lang gut kannte.<\/p>\n<p>Die Fiestas de Pozo Negro zu Ehren von San Juan, die von der Abteilung f\u00fcr Festlichkeiten des Rathauses von Antigua organisiert werden, haben bereits ein Plakat und ein intensives Programm f\u00fcr das Wochenende vom 19. bis 23. Juni.<\/p>\n<p>Die Veranstaltung beginnt am Donnerstag um 20:00 Uhr mit der Er\u00f6ffnungsrede von D. Jacinto P\u00e9rez, die mit der traditionellen Sardinada f\u00fcr alle Teilnehmer gefeiert wird. Am Freitag stehen die musikalischen Darbietungen von D\u00fao Fantas\u00eda, Mejor con Copas und dem Orquesta Estrella Latina im Mittelpunkt.<\/p>\n<p>Musik und Kinderfeste werden w\u00e4hrend des Wochenendes nicht fehlen, mit einem Feuerwerk am Samstagabend, am Sonntagmittag, einer Messe und einer Prozession mit dem Bildnis des San Juan, und nat\u00fcrlich, zum Abschluss der Fiestas, in der Nacht zum Montag, dem 23. Januar, das gro\u00dfe Johannisfeuer, dem in diesem Jahr das Ritual der positiven Energie unter der Leitung des Schamanen der Kanarischen Inseln vorausgeht.<\/p>\n<\/p>\n<\/div>\n","protected":false},"excerpt":{"rendered":"<p><strong>Jacinto el Pescador wird der Ausrufer f\u00fcr die Fiestas de Pozo Negro 2025 sein.<\/strong><\/p>\n","protected":false},"author":1,"featured_media":4979,"comment_status":"open","ping_status":"open","sticky":false,"template":"","format":"standard","meta":{"inline_featured_image":false,"jnews-multi-image_gallery":[],"jnews_single_post":[],"jnews_primary_category":[],"jnews_social_meta":[],"jnews_override_counter":[],"jnews_post_split":[],"footnotes":""},"categories":[283],"tags":[],"class_list":["post-4982","post","type-post","status-publish","format-standard","has-post-thumbnail","hentry","category-antigua-de"],"jetpack_featured_media_url":"https:\/\/informacionlocal.es\/wp-content\/uploads\/2025\/06\/fiestas-pozo-negro-2025.jpg","_links":{"self":[{"href":"https:\/\/informacionlocal.es\/de\/wp-json\/wp\/v2\/posts\/4982","targetHints":{"allow":["GET"]}}],"collection":[{"href":"https:\/\/informacionlocal.es\/de\/wp-json\/wp\/v2\/posts"}],"about":[{"href":"https:\/\/informacionlocal.es\/de\/wp-json\/wp\/v2\/types\/post"}],"author":[{"embeddable":true,"href":"https:\/\/informacionlocal.es\/de\/wp-json\/wp\/v2\/users\/1"}],"replies":[{"embeddable":true,"href":"https:\/\/informacionlocal.es\/de\/wp-json\/wp\/v2\/comments?post=4982"}],"version-history":[{"count":0,"href":"https:\/\/informacionlocal.es\/de\/wp-json\/wp\/v2\/posts\/4982\/revisions"}],"wp:featuredmedia":[{"embeddable":true,"href":"https:\/\/informacionlocal.es\/de\/wp-json\/wp\/v2\/media\/4979"}],"wp:attachment":[{"href":"https:\/\/informacionlocal.es\/de\/wp-json\/wp\/v2\/media?parent=4982"}],"wp:term":[{"taxonomy":"category","embeddable":true,"href":"https:\/\/informacionlocal.es\/de\/wp-json\/wp\/v2\/categories?post=4982"},{"taxonomy":"post_tag","embeddable":true,"href":"https:\/\/informacionlocal.es\/de\/wp-json\/wp\/v2\/tags?post=4982"}],"curies":[{"name":"wp","href":"https:\/\/api.w.org\/{rel}","templated":true}]}}