{"id":4958,"date":"2025-06-05T12:24:25","date_gmt":"2025-06-05T12:24:25","guid":{"rendered":"https:\/\/informacionlocal.es\/das-rathaus-von-pajara-veranstaltet-die-fiestas-zu-ehren-von-san-juan-2025-in-cofete\/"},"modified":"2025-06-05T12:24:25","modified_gmt":"2025-06-05T12:24:25","slug":"das-rathaus-von-pajara-veranstaltet-die-fiestas-zu-ehren-von-san-juan-2025-in-cofete","status":"publish","type":"post","link":"https:\/\/informacionlocal.es\/de\/das-rathaus-von-pajara-veranstaltet-die-fiestas-zu-ehren-von-san-juan-2025-in-cofete\/","title":{"rendered":"Das Rathaus von P\u00e1jara veranstaltet die Fiestas zu Ehren von San Juan 2025 in Cofete"},"content":{"rendered":"<div class=\"entry-content\">\n<p><b><i>Auf dem Programm steht ein Wochenende voller Traditionen, Musik und volkst\u00fcmlicher Aktivit\u00e4ten vom 13. bis 15. Juni.  <\/i><\/b><\/p>\n<p><span>Das Rathaus von P\u00e1jara pr\u00e4sentiert die Fiestas zu Ehren von San Juan 2025, die vom 13. bis 15. Juni in Cofete stattfinden, mit einem Programm voller traditioneller Aktivit\u00e4ten, Musik, Humor und Volkskultur, das sich an alle Zielgruppen richtet.  <\/span><\/p>\n<p><span>Die Feierlichkeiten beginnen am Freitag, den 13. Juni um 10:00 Uhr mit der Er\u00f6ffnung der Ausstellungshalle. Am selben Tag, um 21:30 Uhr, wird die Er\u00f6ffnungsrede von Juana Viera Saavedra und Francisco P\u00e9rez Saavedra gehalten. Um 22.00 Uhr steht dann die Musik im Mittelpunkt des VII. Encuentro de Solistas Narciso Rodr\u00edguez, begleitet von der Parranda Amigos Parranderos de Tenerife und einem hervorragenden Ensemble von K\u00fcnstlern.    <\/span><\/p>\n<p><span>Der Stadtrat f\u00fcr Festlichkeiten, Juan Jos\u00e9 Viera, bekr\u00e4ftigt, dass \u201ediese Feste ein Ausdruck unserer Traditionen sind\u201c. Er unterstreicht auch das Engagement der Stadtverwaltung f\u00fcr die F\u00f6rderung der Volkskultur. \u201eWir haben uns bem\u00fcht, ein vielf\u00e4ltiges Programm anzubieten, das sich an alle Bev\u00f6lkerungsschichten richtet und in der Identit\u00e4t von Cofete verwurzelt ist. Wir laden die \u00d6ffentlichkeit ein, sich an den Festlichkeiten in einem einzigartigen Rahmen zu beteiligen\u201c.    <\/span><\/p>\n<p><span>Der Stadtrat dankte auch dem Festkomitee f\u00fcr \u201esein Engagement, seine Hingabe und seine Bem\u00fchungen, die Feierlichkeiten zu erm\u00f6glichen, die f\u00fcr unsere Gemeinde so wichtig sind\u201c.  <\/span><\/p>\n<p><span>W\u00e4hrend des gesamten Wochenendes wird ein abwechslungsreiches Programm geboten, das unter anderem beliebte Spiele, Snacks, ein Kanarienvogel-Turnier, ein Podenco-Rennen, Tontaubenschie\u00dfen, T\u00e4nze unter freiem Himmel und eine Pilgerfahrt umfasst.<\/span><\/p>\n<p><span>In der Nacht zum Samstag, den 14. um 24:00 Uhr, findet das traditionelle Johannisfeuer und ein Feuerwerk zu Ehren des Schutzpatrons statt.<\/span><\/p>\n<p><span>Am Sonntag, den 15. Mai, findet um 13.30 Uhr die Messe mit anschlie\u00dfender Prozession zu Ehren von San Juan statt, die von der Stadtkapelle begleitet wird und den Abschluss eines Wochenendes bildet, das ganz im Zeichen der Tradition und der Beteiligung der Bev\u00f6lkerung steht.  <\/span><\/p>\n<p><span>Das Rathaus von P\u00e1jara l\u00e4dt Einwohner und Besucher ein, sich aktiv an diesen Feierlichkeiten zu beteiligen, die jedes Jahr das Engagement f\u00fcr die Br\u00e4uche und die Identit\u00e4t unserer Gemeinde bekr\u00e4ftigen.<\/span><\/p>\n<p><img fetchpriority=\"high\" decoding=\"async\" class=\"alignnone size-medium wp-image-20455\" src=\"https:\/\/informacionlocal.es\/wp-content\/uploads\/2025\/06\/programa-cofete-2025-213x300-1.jpg\" width=\"213\" height=\"300\" title=\"programa-cofete-2025-213x300-1\"><\/p>\n<\/div>\n","protected":false},"excerpt":{"rendered":"<p><i>Auf dem Programm steht ein Wochenende voller Traditionen, Musik und volkst\u00fcmlicher Aktivit\u00e4ten vom 13. bis 15. Juni.  <\/i><\/p>\n","protected":false},"author":1,"featured_media":4951,"comment_status":"open","ping_status":"open","sticky":false,"template":"","format":"standard","meta":{"inline_featured_image":false,"jnews-multi-image_gallery":[],"jnews_single_post":[],"jnews_primary_category":[],"jnews_social_meta":[],"jnews_override_counter":[],"jnews_post_split":[],"footnotes":""},"categories":[297],"tags":[],"class_list":["post-4958","post","type-post","status-publish","format-standard","has-post-thumbnail","hentry","category-pajara-de"],"jetpack_featured_media_url":"https:\/\/informacionlocal.es\/wp-content\/uploads\/2025\/06\/programa-cofete-2025.jpg","_links":{"self":[{"href":"https:\/\/informacionlocal.es\/de\/wp-json\/wp\/v2\/posts\/4958","targetHints":{"allow":["GET"]}}],"collection":[{"href":"https:\/\/informacionlocal.es\/de\/wp-json\/wp\/v2\/posts"}],"about":[{"href":"https:\/\/informacionlocal.es\/de\/wp-json\/wp\/v2\/types\/post"}],"author":[{"embeddable":true,"href":"https:\/\/informacionlocal.es\/de\/wp-json\/wp\/v2\/users\/1"}],"replies":[{"embeddable":true,"href":"https:\/\/informacionlocal.es\/de\/wp-json\/wp\/v2\/comments?post=4958"}],"version-history":[{"count":0,"href":"https:\/\/informacionlocal.es\/de\/wp-json\/wp\/v2\/posts\/4958\/revisions"}],"wp:featuredmedia":[{"embeddable":true,"href":"https:\/\/informacionlocal.es\/de\/wp-json\/wp\/v2\/media\/4951"}],"wp:attachment":[{"href":"https:\/\/informacionlocal.es\/de\/wp-json\/wp\/v2\/media?parent=4958"}],"wp:term":[{"taxonomy":"category","embeddable":true,"href":"https:\/\/informacionlocal.es\/de\/wp-json\/wp\/v2\/categories?post=4958"},{"taxonomy":"post_tag","embeddable":true,"href":"https:\/\/informacionlocal.es\/de\/wp-json\/wp\/v2\/tags?post=4958"}],"curies":[{"name":"wp","href":"https:\/\/api.w.org\/{rel}","templated":true}]}}