{"id":4932,"date":"2025-06-05T07:55:25","date_gmt":"2025-06-05T07:55:25","guid":{"rendered":"https:\/\/informacionlocal.es\/el-cohombrillo-wird-das-integrative-sommerlager-fuer-kinder-aus-der-gemeinde-ausrichten\/"},"modified":"2025-06-05T07:55:25","modified_gmt":"2025-06-05T07:55:25","slug":"el-cohombrillo-wird-das-integrative-sommerlager-fuer-kinder-aus-der-gemeinde-ausrichten","status":"publish","type":"post","link":"https:\/\/informacionlocal.es\/de\/el-cohombrillo-wird-das-integrative-sommerlager-fuer-kinder-aus-der-gemeinde-ausrichten\/","title":{"rendered":"El Cohombrillo wird das integrative Sommerlager f\u00fcr Kinder aus der Gemeinde ausrichten."},"content":{"rendered":"<p>Die Stadtverwaltung von La Oliva organisiert \u00fcber den Pr\u00e4ventionsbereich des Sozialministeriums unter der Leitung von Joana P\u00e9rez Carre\u00f1o ein integratives Sommercamp. Die Veranstaltung mit \u00dcbernachtung ist kostenlos und richtet sich an Kinder im Alter von 6 bis 12 Jahren, die in der Gemeinde leben. Diese Aktivit\u00e4t findet vom 30. Juni bis zum 4. Juli in der st\u00e4dtischen Herberge El Cohombrillo statt, die in einer nat\u00fcrlichen Umgebung liegt, die das Zusammenleben, Spielen und Lernen in Gleichheit f\u00f6rdert.    <\/p>\n<p>So wurde diese st\u00e4dtische Initiative mit dem Ziel ins Leben gerufen, die soziale Eingliederung, die Chancengleichheit und das emotionale Wohlbefinden von Kindern zu f\u00f6rdern, indem ein Bildungs- und Freizeitraum angeboten wird, in dem Werte wie Respekt, Vielfalt, Zusammenarbeit und Gerechtigkeit gef\u00f6rdert werden.<\/p>\n<p>W\u00e4hrend der f\u00fcnf Tage des Camps werden die Teilnehmer ein Programm voller Aktivit\u00e4ten genie\u00dfen: kreative Workshops, kooperative Spiele, Gruppendynamik und Exkursionen, um nur einige zu nennen. Au\u00dferdem werden die Tage von einem professionellen Team koordiniert, das die Geschlechterperspektive ber\u00fccksichtigt und auf Vielfalt achtet.   <\/p>\n<p>Das Camp beinhaltet Unterkunft, Verpflegung und alle Aktivit\u00e4ten v\u00f6llig kostenlos. Die Anzahl der Pl\u00e4tze ist begrenzt und wird in der Reihenfolge der Anmeldungen vergeben. <\/p>\n<p>Anmeldungen sind ab Montag, den 9. Juni um 9:00 Uhr m\u00f6glich und m\u00fcssen durch Scannen des QR-Codes auf dem Poster oder \u00fcber den folgenden Link erfolgen:  <\/p>\n<p>https:\/\/docs.google.com\/forms\/d\/e\/1FAIpQLSfRP8WBbgYNiu7AZk_DTaI6ifT_nh_ByKy7W_catnGTtthGnw\/closedform<\/p>\n","protected":false},"excerpt":{"rendered":"<p><span>Das Konsistorium er\u00f6ffnet die Anmeldefrist am Montag, den 9. Juni um 09:00 Uhr, damit Kinder zwischen 6 und 12 Jahren, die in La Oliva wohnen, an der Aktivit\u00e4t teilnehmen k\u00f6nnen, die vom 30. Juni bis zum 4. Juli kostenlos stattfinden wird.<\/span><\/p>\n","protected":false},"author":1,"featured_media":4927,"comment_status":"open","ping_status":"open","sticky":false,"template":"","format":"standard","meta":{"inline_featured_image":false,"jnews-multi-image_gallery":[],"jnews_single_post":[],"jnews_primary_category":[],"jnews_social_meta":[],"jnews_override_counter":[],"jnews_post_split":[],"footnotes":""},"categories":[291],"tags":[],"class_list":["post-4932","post","type-post","status-publish","format-standard","has-post-thumbnail","hentry","category-la-oliva-de"],"jetpack_featured_media_url":"https:\/\/informacionlocal.es\/wp-content\/uploads\/2025\/06\/5208_4f6cba35.png","_links":{"self":[{"href":"https:\/\/informacionlocal.es\/de\/wp-json\/wp\/v2\/posts\/4932","targetHints":{"allow":["GET"]}}],"collection":[{"href":"https:\/\/informacionlocal.es\/de\/wp-json\/wp\/v2\/posts"}],"about":[{"href":"https:\/\/informacionlocal.es\/de\/wp-json\/wp\/v2\/types\/post"}],"author":[{"embeddable":true,"href":"https:\/\/informacionlocal.es\/de\/wp-json\/wp\/v2\/users\/1"}],"replies":[{"embeddable":true,"href":"https:\/\/informacionlocal.es\/de\/wp-json\/wp\/v2\/comments?post=4932"}],"version-history":[{"count":0,"href":"https:\/\/informacionlocal.es\/de\/wp-json\/wp\/v2\/posts\/4932\/revisions"}],"wp:featuredmedia":[{"embeddable":true,"href":"https:\/\/informacionlocal.es\/de\/wp-json\/wp\/v2\/media\/4927"}],"wp:attachment":[{"href":"https:\/\/informacionlocal.es\/de\/wp-json\/wp\/v2\/media?parent=4932"}],"wp:term":[{"taxonomy":"category","embeddable":true,"href":"https:\/\/informacionlocal.es\/de\/wp-json\/wp\/v2\/categories?post=4932"},{"taxonomy":"post_tag","embeddable":true,"href":"https:\/\/informacionlocal.es\/de\/wp-json\/wp\/v2\/tags?post=4932"}],"curies":[{"name":"wp","href":"https:\/\/api.w.org\/{rel}","templated":true}]}}