{"id":4919,"date":"2025-06-04T18:56:40","date_gmt":"2025-06-04T18:56:40","guid":{"rendered":"https:\/\/informacionlocal.es\/abschluss-der-15-ausgabe-des-programms-escuelitas-de-colores-eine-initiative-zur-foerderung-von-gleichheit-respekt-und-toleranz-in-der-bildungsgemeinschaft\/"},"modified":"2025-06-04T18:56:40","modified_gmt":"2025-06-04T18:56:40","slug":"abschluss-der-15-ausgabe-des-programms-escuelitas-de-colores-eine-initiative-zur-foerderung-von-gleichheit-respekt-und-toleranz-in-der-bildungsgemeinschaft","status":"publish","type":"post","link":"https:\/\/informacionlocal.es\/de\/abschluss-der-15-ausgabe-des-programms-escuelitas-de-colores-eine-initiative-zur-foerderung-von-gleichheit-respekt-und-toleranz-in-der-bildungsgemeinschaft\/","title":{"rendered":"Abschluss der 15. Ausgabe des Programms Escuelitas de Colores: eine Initiative zur F\u00f6rderung von Gleichheit, Respekt und Toleranz in der Bildungsgemeinschaft."},"content":{"rendered":"<div class=\"entry-content\">\n<p>Am 3. Mai fand die Abschlussveranstaltung f\u00fcr das Programm Escuelitas de Colores statt, eine Initiative, die sechs Monate lang mit Sch\u00fclern der 1. bis 6. In diesem Zeitraum nahmen insgesamt 39 Sch\u00fcler aktiv an verschiedenen Lernaktivit\u00e4ten und Spielen teil, die sich auf die Anerkennung und Wertsch\u00e4tzung von Vielfalt und Vorurteilen konzentrierten. <\/p>\n<p>Dank dieser Aktivit\u00e4ten haben die Kinder Kenntnisse und F\u00e4higkeiten in Bezug auf Verst\u00e4ndnis, Toleranz und emotionale Praktiken erworben, die ein gesundes und sicheres Beziehungsklima auf der Grundlage von Gleichheit, Respekt und Toleranz f\u00f6rdern. Dar\u00fcber hinaus wurde in Zusammenarbeit mit den Teilnehmern ein Manifest erstellt, das im CEIP Tef\u00eda und in allen Grundschulen der Gemeinde verlesen wurde. Darin wird hervorgehoben, dass alle Menschen die gleichen Rechte haben, dass kulturelle Unterschiede unsere Gesellschaft bereichern und dass Akzeptanz und Toleranz f\u00fcr den Aufbau einer gerechteren Welt von grundlegender Bedeutung sind. <\/p>\n<p><strong>B\u00fcrgermeister David de Vera<\/strong> erkl\u00e4rte: \u201eDer Stadtrat dankt allen Teilnehmern, Lehrern und Familien f\u00fcr ihre Mitarbeit und ihr Engagement bei der F\u00f6rderung von Werten, die das Zusammenleben und den Respekt in unserer Gemeinschaft st\u00e4rken\u201c.<\/p>\n<p>An der Abschlussfeier im CEIP von Ampuyenta nahm die <strong>Stadtr\u00e4tin f\u00fcr B\u00fcrgerbeteiligung, Jenifer P\u00e9rez<\/strong>, teil. Sie \u00fcberreichte den Sch\u00fclern, die in diesem Jahr die weiterf\u00fchrende Schule besuchen, ihre Diplome und w\u00fcrdigte damit ihr Engagement und ihre Teilnahme an dieser wertvollen Initiative.<\/p>\n<\/div>\n","protected":false},"excerpt":{"rendered":"<p>Am 3. Mai fand die Abschlussveranstaltung f\u00fcr das Programm Escuelitas de Colores statt, eine Initiative, die sechs Monate lang mit Sch\u00fclern der 1. bis 6. In diesem Zeitraum nahmen insgesamt [&hellip;]<\/p>\n","protected":false},"author":1,"featured_media":4914,"comment_status":"open","ping_status":"open","sticky":false,"template":"","format":"standard","meta":{"inline_featured_image":false,"jnews-multi-image_gallery":[],"jnews_single_post":[],"jnews_primary_category":[],"jnews_social_meta":[],"jnews_override_counter":[],"jnews_post_split":[],"footnotes":""},"categories":[293],"tags":[],"class_list":["post-4919","post","type-post","status-publish","format-standard","has-post-thumbnail","hentry","category-puerto-del-rosario-de"],"jetpack_featured_media_url":"https:\/\/informacionlocal.es\/wp-content\/uploads\/2025\/06\/escuelita-titu-de-colores-0625-circulo-scaled-1.jpg","_links":{"self":[{"href":"https:\/\/informacionlocal.es\/de\/wp-json\/wp\/v2\/posts\/4919","targetHints":{"allow":["GET"]}}],"collection":[{"href":"https:\/\/informacionlocal.es\/de\/wp-json\/wp\/v2\/posts"}],"about":[{"href":"https:\/\/informacionlocal.es\/de\/wp-json\/wp\/v2\/types\/post"}],"author":[{"embeddable":true,"href":"https:\/\/informacionlocal.es\/de\/wp-json\/wp\/v2\/users\/1"}],"replies":[{"embeddable":true,"href":"https:\/\/informacionlocal.es\/de\/wp-json\/wp\/v2\/comments?post=4919"}],"version-history":[{"count":0,"href":"https:\/\/informacionlocal.es\/de\/wp-json\/wp\/v2\/posts\/4919\/revisions"}],"wp:featuredmedia":[{"embeddable":true,"href":"https:\/\/informacionlocal.es\/de\/wp-json\/wp\/v2\/media\/4914"}],"wp:attachment":[{"href":"https:\/\/informacionlocal.es\/de\/wp-json\/wp\/v2\/media?parent=4919"}],"wp:term":[{"taxonomy":"category","embeddable":true,"href":"https:\/\/informacionlocal.es\/de\/wp-json\/wp\/v2\/categories?post=4919"},{"taxonomy":"post_tag","embeddable":true,"href":"https:\/\/informacionlocal.es\/de\/wp-json\/wp\/v2\/tags?post=4919"}],"curies":[{"name":"wp","href":"https:\/\/api.w.org\/{rel}","templated":true}]}}