{"id":4907,"date":"2025-06-04T16:46:17","date_gmt":"2025-06-04T16:46:17","guid":{"rendered":"https:\/\/informacionlocal.es\/in-puerto-del-rosario-findet-am-freitag-den-13-juni-die-konferenz-ueber-wirtschaftliche-technisierung-bildung-und-den-arbeitsmarkt-statt\/"},"modified":"2025-06-04T16:46:17","modified_gmt":"2025-06-04T16:46:17","slug":"in-puerto-del-rosario-findet-am-freitag-den-13-juni-die-konferenz-ueber-wirtschaftliche-technisierung-bildung-und-den-arbeitsmarkt-statt","status":"publish","type":"post","link":"https:\/\/informacionlocal.es\/de\/in-puerto-del-rosario-findet-am-freitag-den-13-juni-die-konferenz-ueber-wirtschaftliche-technisierung-bildung-und-den-arbeitsmarkt-statt\/","title":{"rendered":"In Puerto del Rosario findet am Freitag, den 13. Juni, die Konferenz \u00fcber wirtschaftliche Technisierung, Bildung und den Arbeitsmarkt statt."},"content":{"rendered":"<div class=\"entry-content\">\n<p>Die Abteilung f\u00fcr Wirtschaftsf\u00f6rderung der Stadtverwaltung von Puerto del Rosario organisiert am Freitag, den 13. Juni, von 9.30 bis 14.30 Uhr den Tag der wirtschaftlichen Technisierung, der Bildung und des Arbeitsmarktes, eine Veranstaltung, die auf der Plaza de la Paz stattfindet und an der Experten aus dem Bildungswesen, der Wirtschaft und den Institutionen teilnehmen werden, um die Herausforderungen und Chancen des aktuellen und zuk\u00fcnftigen Arbeitsmarktes zu analysieren und zu diskutieren.<\/p>\n<p>Im Laufe des Tages finden verschiedene Pr\u00e4sentationen und Diskussionsrunden statt, an denen Vertreter der UNED, der Handelskammer von Fuerteventura, der Kanarischen Gruppe NFORMAR sowie andere Institutionen und Fachleute f\u00fcr Bildung, Besch\u00e4ftigung und neue Technologien teilnehmen.<\/p>\n<p>Zu den Themen, die behandelt werden, geh\u00f6ren:<\/p>\n<p>Sich abzeichnende Besch\u00e4ftigungsm\u00f6glichkeiten und aktueller Bedarf auf dem Arbeitsmarkt.<\/p>\n<ul>\n<li>Exzellente Bildung als Faktor der wirtschaftlichen Entwicklung.<\/li>\n<li>K\u00fcnstliche Intelligenz und ihre Anwendung in Unternehmen und KMU.<\/li>\n<li>Die Besch\u00e4ftigungsaussichten auf der Insel Fuerteventura als Herausforderung f\u00fcr die Zukunft.<\/li>\n<li>Die Veranstaltung wird auch einen dynamischen Bereich umfassen, an dem Arbeitsvermittlungsunternehmen und Fachleute aus verschiedenen Wirtschaftssektoren sowie Studenten aus verschiedenen Ausbildungszentren der Insel teilnehmen. In diesem Bereich wird es interaktive Aktivit\u00e4ten und einen musikalischen Auftritt von Mar\u00eda Cambeiro geben, einer jungen K\u00fcnstlerin aus Mallorca, die f\u00fcr ihre gef\u00fchlvollen Klavier- und Gesangsversionen bekannt ist. Im Rahmen des Programms wird ein Dokumentarfilm \u00fcber k\u00fcnstliche Intelligenz gezeigt, gefolgt von einer offenen Debatte \u00fcber deren Auswirkungen auf die Besch\u00e4ftigung, wobei dar\u00fcber nachgedacht wird, ob sie im aktuellen Kontext eine Chance oder ein Risiko darstellt.  <\/li>\n<\/ul>\n<p>Der <strong>B\u00fcrgermeister David de Vera<\/strong> erkl\u00e4rte, dass \u201emit dieser Art von Initiative das Ziel verfolgt wird, die Berufsausbildung, die wirtschaftliche Exzellenz und die Aktualisierung der Wirtschafts-, Bildungs- und Besch\u00e4ftigungsressourcen von Puerto del Rosario zu verbessern\u201c.<\/p>\n<p>Der <strong>Beigeordnete f\u00fcr Wirtschaftsf\u00f6rderung, Juan Manuel Verdugo,<\/strong> erkl\u00e4rte, dass \u201edas Ziel darin besteht, Initiativen und Projekte zur Verbesserung der Besch\u00e4ftigungsf\u00e4higkeit unserer Nachbarn zu f\u00f6rdern, indem die Kompetenzen von Selbstst\u00e4ndigen und KMU im Produktionsgef\u00fcge der Gemeinde verbessert werden\u201c.<\/p>\n<p>Die Stadtverwaltung von Puerto del Rosario l\u00e4dt die B\u00fcrgerinnen und B\u00fcrger \u00fcber die Abteilung f\u00fcr Wirtschaftsf\u00f6rderung zur Teilnahme an diesem Tag ein, der ein Ort der Begegnung, der Reflexion und der Erarbeitung von Vorschl\u00e4gen f\u00fcr eine bessere Verbindung von Ausbildung, Besch\u00e4ftigung und Innovation auf der Insel sein soll.<\/p>\n<\/div>\n","protected":false},"excerpt":{"rendered":"<p>Die Abteilung f\u00fcr Wirtschaftsf\u00f6rderung der Stadtverwaltung von Puerto del Rosario organisiert am Freitag, den 13. Juni, von 9.30 bis 14.30 Uhr den Tag der wirtschaftlichen Technisierung, der Bildung und des [&hellip;]<\/p>\n","protected":false},"author":1,"featured_media":4902,"comment_status":"open","ping_status":"open","sticky":false,"template":"","format":"standard","meta":{"inline_featured_image":false,"jnews-multi-image_gallery":[],"jnews_single_post":[],"jnews_primary_category":[],"jnews_social_meta":[],"jnews_override_counter":[],"jnews_post_split":[],"footnotes":""},"categories":[293],"tags":[306,216],"class_list":["post-4907","post","type-post","status-publish","format-standard","has-post-thumbnail","hentry","category-puerto-del-rosario-de","tag-educacion-de","tag-fuerteventura-de"],"jetpack_featured_media_url":"https:\/\/informacionlocal.es\/wp-content\/uploads\/2025\/06\/mercado-titu-laboral.jpg","_links":{"self":[{"href":"https:\/\/informacionlocal.es\/de\/wp-json\/wp\/v2\/posts\/4907","targetHints":{"allow":["GET"]}}],"collection":[{"href":"https:\/\/informacionlocal.es\/de\/wp-json\/wp\/v2\/posts"}],"about":[{"href":"https:\/\/informacionlocal.es\/de\/wp-json\/wp\/v2\/types\/post"}],"author":[{"embeddable":true,"href":"https:\/\/informacionlocal.es\/de\/wp-json\/wp\/v2\/users\/1"}],"replies":[{"embeddable":true,"href":"https:\/\/informacionlocal.es\/de\/wp-json\/wp\/v2\/comments?post=4907"}],"version-history":[{"count":0,"href":"https:\/\/informacionlocal.es\/de\/wp-json\/wp\/v2\/posts\/4907\/revisions"}],"wp:featuredmedia":[{"embeddable":true,"href":"https:\/\/informacionlocal.es\/de\/wp-json\/wp\/v2\/media\/4902"}],"wp:attachment":[{"href":"https:\/\/informacionlocal.es\/de\/wp-json\/wp\/v2\/media?parent=4907"}],"wp:term":[{"taxonomy":"category","embeddable":true,"href":"https:\/\/informacionlocal.es\/de\/wp-json\/wp\/v2\/categories?post=4907"},{"taxonomy":"post_tag","embeddable":true,"href":"https:\/\/informacionlocal.es\/de\/wp-json\/wp\/v2\/tags?post=4907"}],"curies":[{"name":"wp","href":"https:\/\/api.w.org\/{rel}","templated":true}]}}