{"id":4881,"date":"2025-06-04T16:25:41","date_gmt":"2025-06-04T16:25:41","guid":{"rendered":"https:\/\/informacionlocal.es\/pajara-wird-gastgeber-der-naechsten-sitzung-des-exekutivausschusses-des-kanarischen-gemeindeverbandes-sein\/"},"modified":"2025-06-04T16:25:41","modified_gmt":"2025-06-04T16:25:41","slug":"pajara-wird-gastgeber-der-naechsten-sitzung-des-exekutivausschusses-des-kanarischen-gemeindeverbandes-sein","status":"publish","type":"post","link":"https:\/\/informacionlocal.es\/de\/pajara-wird-gastgeber-der-naechsten-sitzung-des-exekutivausschusses-des-kanarischen-gemeindeverbandes-sein\/","title":{"rendered":"P\u00e1jara wird Gastgeber der n\u00e4chsten Sitzung des Exekutivausschusses des Kanarischen Gemeindeverbandes sein."},"content":{"rendered":"<div class=\"entry-content\">\n<p><b><i>Die Gemeindevertretung wird die B\u00fcrgermeister und B\u00fcrgermeisterinnen der 88 Gemeinden der Kanarischen Inseln empfangen.  <\/i><\/b><\/p>\n<p><b><i>Das Treffen findet diesen Freitag, den 6. Juni, um 11.00 Uhr im Allsun Esquinzo Hotel statt.<\/i><\/b><\/p>\n<p><span>Am Freitag, den 6. Juni, findet in P\u00e1jara die Sitzung des Exekutivausschusses des Kanarischen Gemeindeverbandes (FECAM) statt. Die Sitzung findet um 11:00 Uhr im Hotel Allsun Esquinzo statt. <\/span><\/p>\n<p><span>Die Gemeinde P\u00e1jara empf\u00e4ngt am Donnerstag die verschiedenen B\u00fcrgermeister und B\u00fcrgermeisterinnen der Fecam zu einem institutionellen Besuch in der Stadt P\u00e1jara, und sp\u00e4ter findet ein kultureller Besuch an verschiedenen Orten der Gemeinde statt.<\/span><\/p>\n<p><span>Am Freitag wird sich der Exekutivausschuss der Fecam mit kommunalpolitischen Themen befassen, die f\u00fcr die 88 Gemeinden der Kanarischen Inseln von Interesse sind. Der B\u00fcrgermeister von P\u00e1jara, Alejandro Jorge, geh\u00f6rt diesem Gremium als Pr\u00e4sident der Kommission und der Besch\u00e4ftigung an. <\/span><\/p>\n<p><span>Personen und Medien, die an einer Berichterstattung \u00fcber diese Veranstaltung interessiert sind, wenden sich bitte an die Pressestelle unter 686 704 895.<\/span><\/p>\n<\/div>\n","protected":false},"excerpt":{"rendered":"<p><i>Die Gemeindevertretung wird die B\u00fcrgermeister und B\u00fcrgermeisterinnen der 88 Gemeinden der Kanarischen Inseln empfangen.  <\/i><\/p>\n","protected":false},"author":1,"featured_media":4878,"comment_status":"open","ping_status":"open","sticky":false,"template":"","format":"standard","meta":{"inline_featured_image":false,"jnews-multi-image_gallery":[],"jnews_single_post":[],"jnews_primary_category":[],"jnews_social_meta":[],"jnews_override_counter":[],"jnews_post_split":[],"footnotes":""},"categories":[297],"tags":[196],"class_list":["post-4881","post","type-post","status-publish","format-standard","has-post-thumbnail","hentry","category-pajara-de","tag-gemeinden"],"jetpack_featured_media_url":"https:\/\/informacionlocal.es\/wp-content\/uploads\/2025\/06\/comite-del-ejecutivo-de-la-fecam.jpg","_links":{"self":[{"href":"https:\/\/informacionlocal.es\/de\/wp-json\/wp\/v2\/posts\/4881","targetHints":{"allow":["GET"]}}],"collection":[{"href":"https:\/\/informacionlocal.es\/de\/wp-json\/wp\/v2\/posts"}],"about":[{"href":"https:\/\/informacionlocal.es\/de\/wp-json\/wp\/v2\/types\/post"}],"author":[{"embeddable":true,"href":"https:\/\/informacionlocal.es\/de\/wp-json\/wp\/v2\/users\/1"}],"replies":[{"embeddable":true,"href":"https:\/\/informacionlocal.es\/de\/wp-json\/wp\/v2\/comments?post=4881"}],"version-history":[{"count":0,"href":"https:\/\/informacionlocal.es\/de\/wp-json\/wp\/v2\/posts\/4881\/revisions"}],"wp:featuredmedia":[{"embeddable":true,"href":"https:\/\/informacionlocal.es\/de\/wp-json\/wp\/v2\/media\/4878"}],"wp:attachment":[{"href":"https:\/\/informacionlocal.es\/de\/wp-json\/wp\/v2\/media?parent=4881"}],"wp:term":[{"taxonomy":"category","embeddable":true,"href":"https:\/\/informacionlocal.es\/de\/wp-json\/wp\/v2\/categories?post=4881"},{"taxonomy":"post_tag","embeddable":true,"href":"https:\/\/informacionlocal.es\/de\/wp-json\/wp\/v2\/tags?post=4881"}],"curies":[{"name":"wp","href":"https:\/\/api.w.org\/{rel}","templated":true}]}}