{"id":4857,"date":"2025-06-04T09:01:16","date_gmt":"2025-06-04T09:01:16","guid":{"rendered":"https:\/\/informacionlocal.es\/pajara-schliesst-die-reinigungs-und-aufraeumarbeiten-im-gebiet-von-jandia-ab\/"},"modified":"2025-06-04T09:01:16","modified_gmt":"2025-06-04T09:01:16","slug":"pajara-schliesst-die-reinigungs-und-aufraeumarbeiten-im-gebiet-von-jandia-ab","status":"publish","type":"post","link":"https:\/\/informacionlocal.es\/de\/pajara-schliesst-die-reinigungs-und-aufraeumarbeiten-im-gebiet-von-jandia-ab\/","title":{"rendered":"P\u00e1jara schlie\u00dft die Reinigungs- und Aufr\u00e4umarbeiten im Gebiet von Jand\u00eda ab"},"content":{"rendered":"<div class=\"entry-content\">\n<p><b><i>Das Umweltministerium arbeitet im Rahmen des Plans zur Verbesserung des \u00f6ffentlichen Raums an mehreren Stra\u00dfen in der Stadt.<\/i><\/b><\/p>\n<p><span>Die Umweltabteilung der Stadtverwaltung von P\u00e1jara hat die Stra\u00dfenreinigung, die R\u00e4umung und die Beseitigung der Vegetation in den Stra\u00dfen Dulcine, Sancho Panza und Avenida del Quijote, die sich in der Gegend von Barcel\u00f3 in Jand\u00eda befinden, abgeschlossen.  <\/span><\/p>\n<p><span>Diese Ma\u00dfnahmen sind Teil des kommunalen Plans zur Verbesserung und Instandhaltung des \u00f6ffentlichen Raums, der mit dem Ziel gef\u00f6rdert wird, die Stra\u00dfen und Gemeinschaftsfl\u00e4chen der Gemeinde in einem optimalen Zustand zu halten. Die durchgef\u00fchrten Arbeiten haben dazu beigetragen, das Bild der Umwelt zu verbessern, die Sicherheit der Fu\u00dfg\u00e4nger zu erh\u00f6hen und Risiken im Zusammenhang mit der Anh\u00e4ufung von trockener Vegetation zu vermeiden.   <\/span><\/p>\n<p><span>Die Stadtr\u00e4tin f\u00fcr Umwelt, \u00c1ngeles Acosta, weist darauf hin, dass diese Arbeiten f\u00fcr den Erhalt der Qualit\u00e4t der st\u00e4dtischen Umwelt unerl\u00e4sslich sind. \u201eMit diesen Ma\u00dfnahmen verbessern wir nicht nur die \u00c4sthetik der Gemeinde, sondern tragen auch zum kollektiven Wohlbefinden und zur guten Nutzung unserer Stra\u00dfen und Gemeinschaftsfl\u00e4chen bei\u201c, sagt sie.   <\/span><\/p>\n<p><span>Die Stadtr\u00e4tin bedankte sich auch bei den Anwohnern f\u00fcr ihr Engagement, die, wie sie sagte, \u201edie Entwicklung der Arbeiten erleichtert haben\u201c.  <\/span><\/p>\n<p><span>Das Rathaus von P\u00e1jara erinnert daran, dass die Erhaltung einer sauberen Umwelt eine gemeinsame Verantwortung ist, und fordert die B\u00fcrger auf, weiterhin an der Erhaltung des \u00f6ffentlichen Raums mitzuwirken.  <\/span><\/p>\n<\/div>\n","protected":false},"excerpt":{"rendered":"<p><i>Das Umweltministerium arbeitet im Rahmen des Plans zur Verbesserung des \u00f6ffentlichen Raums an mehreren Stra\u00dfen in der Stadt.<\/i><\/p>\n","protected":false},"author":1,"featured_media":4854,"comment_status":"open","ping_status":"open","sticky":false,"template":"","format":"standard","meta":{"inline_featured_image":false,"jnews-multi-image_gallery":[],"jnews_single_post":[],"jnews_primary_category":[],"jnews_social_meta":[],"jnews_override_counter":[],"jnews_post_split":[],"footnotes":""},"categories":[297],"tags":[199],"class_list":["post-4857","post","type-post","status-publish","format-standard","has-post-thumbnail","hentry","category-pajara-de","tag-umwelt"],"jetpack_featured_media_url":"https:\/\/informacionlocal.es\/wp-content\/uploads\/2025\/06\/imagen-de-whatsapp-2025-06-04-a-las-07-03-11_e72e32d2.jpg","_links":{"self":[{"href":"https:\/\/informacionlocal.es\/de\/wp-json\/wp\/v2\/posts\/4857","targetHints":{"allow":["GET"]}}],"collection":[{"href":"https:\/\/informacionlocal.es\/de\/wp-json\/wp\/v2\/posts"}],"about":[{"href":"https:\/\/informacionlocal.es\/de\/wp-json\/wp\/v2\/types\/post"}],"author":[{"embeddable":true,"href":"https:\/\/informacionlocal.es\/de\/wp-json\/wp\/v2\/users\/1"}],"replies":[{"embeddable":true,"href":"https:\/\/informacionlocal.es\/de\/wp-json\/wp\/v2\/comments?post=4857"}],"version-history":[{"count":0,"href":"https:\/\/informacionlocal.es\/de\/wp-json\/wp\/v2\/posts\/4857\/revisions"}],"wp:featuredmedia":[{"embeddable":true,"href":"https:\/\/informacionlocal.es\/de\/wp-json\/wp\/v2\/media\/4854"}],"wp:attachment":[{"href":"https:\/\/informacionlocal.es\/de\/wp-json\/wp\/v2\/media?parent=4857"}],"wp:term":[{"taxonomy":"category","embeddable":true,"href":"https:\/\/informacionlocal.es\/de\/wp-json\/wp\/v2\/categories?post=4857"},{"taxonomy":"post_tag","embeddable":true,"href":"https:\/\/informacionlocal.es\/de\/wp-json\/wp\/v2\/tags?post=4857"}],"curies":[{"name":"wp","href":"https:\/\/api.w.org\/{rel}","templated":true}]}}