{"id":4845,"date":"2025-06-04T08:24:56","date_gmt":"2025-06-04T08:24:56","guid":{"rendered":"https:\/\/informacionlocal.es\/sommerlicher-varietemarkt-in-caleta-de-fuste\/"},"modified":"2025-06-04T08:24:56","modified_gmt":"2025-06-04T08:24:56","slug":"sommerlicher-varietemarkt-in-caleta-de-fuste","status":"publish","type":"post","link":"https:\/\/informacionlocal.es\/de\/sommerlicher-varietemarkt-in-caleta-de-fuste\/","title":{"rendered":"Sommerlicher Variet\u00e9markt in Caleta de Fuste"},"content":{"rendered":"<div class=\"elementor-widget-container\">\n<p><strong>Sommerlicher Variet\u00e9markt in Caleta de Fuste<\/strong><\/p>\n<p><strong>&#8211; Der Sommermarkt in Caleta de Fuste findet bis zum 6. Juni jeden Freitag von 17:00 bis 22:00 Uhr auf dem Platz El Castillo statt.<\/strong><\/p>\n<p>Vom 6. Juni bis zum 26. September veranstaltet das Rathaus von Antigua jeden Freitag von 17.00 bis 22.00 Uhr auf dem Platz Caleta de Fuste den Sommermarkt, der vom Handelsministerium organisiert wird.<\/p>\n<p>Der Sommer wird in Caleta de Fuste mit verschiedenen Veranstaltungen, Festen und attraktiven Terminen genossen, die von den verschiedenen Abteilungen des Rathauses von Antigua organisiert werden, so der B\u00fcrgermeister Mat\u00edas Pe\u00f1a Garc\u00eda. Unter anderem ist der Sommer-Variet\u00e4tenmarkt, der diesen Freitag auf der Plaza de El Castillo beginnt, wieder da.<\/p>\n<p>F\u00fcnfzehn St\u00e4nde sind die Teilnehmer an diesem Sommermarkt, sagt der Stadtrat Giuseppe Signorino, der vom Handelsministerium den Aufbau der Zelte, die Beleuchtung, die Musikbeschallung und die Unterhaltungsaktivit\u00e4ten zur Erleichterung des Verkaufs sowie zur Anlockung von Touristen und Einwohnern auf den Platz von El Castillo, haupts\u00e4chlich aus der Stadt, unterst\u00fctzt.<\/p>\n<p>Auf diesem Sommermarkt finden Sie alle Arten von Produkten, die Sie verschenken oder als Souvenir von der Insel mit nach Hause nehmen k\u00f6nnen, f\u00fcgt Stadtrat Signorino hinzu, von Accessoires, Armb\u00e4ndern und Halsketten bis hin zu H\u00fcten, Kleidung, praktischen oder dekorativen Artikeln f\u00fcr das Haus, Spielzeug f\u00fcr die Kleinen oder lustigen Karikaturen, die vor Ort angefertigt werden.<\/p>\n<p>Jeden Freitagnachmittag in den Sommermonaten bietet der Sommermarkt auf der Plaza El Castillo in Caleta de Fuste neben den attraktiven Produkten, die dort ausgestellt werden, auch erg\u00e4nzende und attraktive Aktivit\u00e4ten wie eine H\u00fcpfburg, Workshops und Spiele zur Freude der Kinder und ihrer Familien.<\/p>\n<p>Das Hauptziel dieses Sommermarktes ist es, die Touristen aus den Hotels herauszulocken, den Einwohnern unterhaltsame Aktivit\u00e4ten zu bieten und den Handel und die Aktivit\u00e4ten in den Caf\u00e9s und Restaurants anzukurbeln, so der Stadtrat.<\/p>\n<\/div>\n","protected":false},"excerpt":{"rendered":"<p><strong>Sommerlicher Variet\u00e9markt in Caleta de Fuste<\/strong><\/p>\n","protected":false},"author":1,"featured_media":4842,"comment_status":"open","ping_status":"open","sticky":false,"template":"","format":"standard","meta":{"inline_featured_image":false,"jnews-multi-image_gallery":[],"jnews_single_post":[],"jnews_primary_category":[],"jnews_social_meta":[],"jnews_override_counter":[],"jnews_post_split":[],"footnotes":""},"categories":[283],"tags":[303],"class_list":["post-4845","post","type-post","status-publish","format-standard","has-post-thumbnail","hentry","category-antigua-de","tag-eventos-de"],"jetpack_featured_media_url":"https:\/\/informacionlocal.es\/wp-content\/uploads\/2025\/06\/img-20250526-wa0022.jpg","_links":{"self":[{"href":"https:\/\/informacionlocal.es\/de\/wp-json\/wp\/v2\/posts\/4845","targetHints":{"allow":["GET"]}}],"collection":[{"href":"https:\/\/informacionlocal.es\/de\/wp-json\/wp\/v2\/posts"}],"about":[{"href":"https:\/\/informacionlocal.es\/de\/wp-json\/wp\/v2\/types\/post"}],"author":[{"embeddable":true,"href":"https:\/\/informacionlocal.es\/de\/wp-json\/wp\/v2\/users\/1"}],"replies":[{"embeddable":true,"href":"https:\/\/informacionlocal.es\/de\/wp-json\/wp\/v2\/comments?post=4845"}],"version-history":[{"count":0,"href":"https:\/\/informacionlocal.es\/de\/wp-json\/wp\/v2\/posts\/4845\/revisions"}],"wp:featuredmedia":[{"embeddable":true,"href":"https:\/\/informacionlocal.es\/de\/wp-json\/wp\/v2\/media\/4842"}],"wp:attachment":[{"href":"https:\/\/informacionlocal.es\/de\/wp-json\/wp\/v2\/media?parent=4845"}],"wp:term":[{"taxonomy":"category","embeddable":true,"href":"https:\/\/informacionlocal.es\/de\/wp-json\/wp\/v2\/categories?post=4845"},{"taxonomy":"post_tag","embeddable":true,"href":"https:\/\/informacionlocal.es\/de\/wp-json\/wp\/v2\/tags?post=4845"}],"curies":[{"name":"wp","href":"https:\/\/api.w.org\/{rel}","templated":true}]}}