{"id":4833,"date":"2025-06-03T19:22:49","date_gmt":"2025-06-03T19:22:49","guid":{"rendered":"https:\/\/informacionlocal.es\/der-stadtrat-von-puerto-del-rosario-foerdert-eine-umfassende-strategie-gegen-schulabsentismus\/"},"modified":"2025-06-03T19:22:49","modified_gmt":"2025-06-03T19:22:49","slug":"der-stadtrat-von-puerto-del-rosario-foerdert-eine-umfassende-strategie-gegen-schulabsentismus","status":"publish","type":"post","link":"https:\/\/informacionlocal.es\/de\/der-stadtrat-von-puerto-del-rosario-foerdert-eine-umfassende-strategie-gegen-schulabsentismus\/","title":{"rendered":"Der Stadtrat von Puerto del Rosario f\u00f6rdert eine umfassende Strategie gegen Schulabsentismus"},"content":{"rendered":"<div class=\"entry-content\">\n<p>Die Stadtverwaltung von Puerto del Rosario hat \u00fcber das Sozial- und das Bildungsministerium im Rahmen des Programms zur Pr\u00e4vention, Sensibilisierung und Intervention im kommunalen und erzieherischen Bereich der Stadt eine neue Sitzung des <strong>st\u00e4dtischen Ausschusses f\u00fcr Schulschw\u00e4nzen<\/strong> abgehalten, die im Plenarsaal des Rathauses stattfand.<\/p>\n<p>Die Konferenz befasste sich mit dem Problem des Schulschw\u00e4nzens, das als ein wichtiges und ernstes Problem angesehen wird, da es einen hohen Risikoindikator f\u00fcr Schulversagen und den vorzeitigen Ausstieg aus dem Bildungssystem darstellt. Dieses Ph\u00e4nomen, das komplex und multifaktoriell ist, erfordert eine <strong>koordinierte und multidisziplin\u00e4re Antwort<\/strong>, die alle Akteure mit Kompetenzen im Bildungs- und Sozialbereich einbezieht. <\/p>\n<p>Aus dieser gemeinsamen Arbeit ergibt sich die Notwendigkeit, einen <strong>klaren institutionellen Handlungsrahmen<\/strong> zu schaffen, der die Intervention bei Schulschw\u00e4nzern und ihren Familien auf formale Weise leitet.<\/p>\n<p>W\u00e4hrend des Runden Tisches wurden Aktionen f\u00fcr das Schuljahr 2025-2026 festgelegt, an denen verschiedene Verwaltungen beteiligt waren: das Gesundheitsamt, die Inseldirektion der Allgemeinen Staatsverwaltung, die Sozialabteilung des Inselrats von Fuerteventura und die Bildungsabteilung der Kanarischen Regierung, die ihr Engagement f\u00fcr <strong>institutionelle Koordination und fr\u00fchzeitiges Eingreifen<\/strong> bekr\u00e4ftigten.<\/p>\n<p>Auch das Programm Opci\u00f3n 3 Canarias der Kanarischen Regierung, das der Arbeit mit und f\u00fcr Kinder, Familien und Jugendliche gewidmet ist, betont unsere Rolle als <strong>Br\u00fccke und Begleitung<\/strong> in den Entwicklungsprozessen und bei der Bew\u00e4ltigung m\u00f6glicher Konflikte. Wir engagieren uns f\u00fcr einen positiven Ansatz, der sich nicht nur auf die L\u00f6sung, sondern auch auf das <strong>Lernen aus Schwierigkeiten<\/strong> und die F\u00f6rderung eines gesunden emotionalen und sozialen Entwicklungsumfelds konzentriert. <\/p>\n<p>Nach den Worten des B\u00fcrgermeisters <strong>David de Vera<\/strong> und der Stadtr\u00e4tin f\u00fcr Bildung <strong>Tacoremi Guti\u00e9rrez<\/strong> ist diese Initiative \u201eein entscheidender Schritt im Engagement der Stadtverwaltung f\u00fcr die Gew\u00e4hrleistung des Rechts auf Bildung und die Bek\u00e4mpfung des Schulschw\u00e4nzens aus einer pr\u00e4ventiven, integrativen und kooperativen Perspektive\u201c.<\/p>\n<\/div>\n","protected":false},"excerpt":{"rendered":"<p>Die Stadtverwaltung von Puerto del Rosario hat \u00fcber das Sozial- und das Bildungsministerium im Rahmen des Programms zur Pr\u00e4vention, Sensibilisierung und Intervention im kommunalen und erzieherischen Bereich der Stadt eine [&hellip;]<\/p>\n","protected":false},"author":1,"featured_media":4830,"comment_status":"open","ping_status":"open","sticky":false,"template":"","format":"standard","meta":{"inline_featured_image":false,"jnews-multi-image_gallery":[],"jnews_single_post":[],"jnews_primary_category":[],"jnews_social_meta":[],"jnews_override_counter":[],"jnews_post_split":[],"footnotes":""},"categories":[293],"tags":[306,216],"class_list":["post-4833","post","type-post","status-publish","format-standard","has-post-thumbnail","hentry","category-puerto-del-rosario-de","tag-educacion-de","tag-fuerteventura-de"],"jetpack_featured_media_url":"https:\/\/informacionlocal.es\/wp-content\/uploads\/2025\/06\/absentismo-titu-escolar-0525.jpg","_links":{"self":[{"href":"https:\/\/informacionlocal.es\/de\/wp-json\/wp\/v2\/posts\/4833","targetHints":{"allow":["GET"]}}],"collection":[{"href":"https:\/\/informacionlocal.es\/de\/wp-json\/wp\/v2\/posts"}],"about":[{"href":"https:\/\/informacionlocal.es\/de\/wp-json\/wp\/v2\/types\/post"}],"author":[{"embeddable":true,"href":"https:\/\/informacionlocal.es\/de\/wp-json\/wp\/v2\/users\/1"}],"replies":[{"embeddable":true,"href":"https:\/\/informacionlocal.es\/de\/wp-json\/wp\/v2\/comments?post=4833"}],"version-history":[{"count":0,"href":"https:\/\/informacionlocal.es\/de\/wp-json\/wp\/v2\/posts\/4833\/revisions"}],"wp:featuredmedia":[{"embeddable":true,"href":"https:\/\/informacionlocal.es\/de\/wp-json\/wp\/v2\/media\/4830"}],"wp:attachment":[{"href":"https:\/\/informacionlocal.es\/de\/wp-json\/wp\/v2\/media?parent=4833"}],"wp:term":[{"taxonomy":"category","embeddable":true,"href":"https:\/\/informacionlocal.es\/de\/wp-json\/wp\/v2\/categories?post=4833"},{"taxonomy":"post_tag","embeddable":true,"href":"https:\/\/informacionlocal.es\/de\/wp-json\/wp\/v2\/tags?post=4833"}],"curies":[{"name":"wp","href":"https:\/\/api.w.org\/{rel}","templated":true}]}}