{"id":4822,"date":"2025-06-03T19:17:04","date_gmt":"2025-06-03T19:17:04","guid":{"rendered":"https:\/\/informacionlocal.es\/puerto-del-rosario-hat-verschiedene-vereinbarungen-mit-verschiedenen-verbaenden-und-gruppen-getroffen\/"},"modified":"2025-06-03T19:17:04","modified_gmt":"2025-06-03T19:17:04","slug":"puerto-del-rosario-hat-verschiedene-vereinbarungen-mit-verschiedenen-verbaenden-und-gruppen-getroffen","status":"publish","type":"post","link":"https:\/\/informacionlocal.es\/de\/puerto-del-rosario-hat-verschiedene-vereinbarungen-mit-verschiedenen-verbaenden-und-gruppen-getroffen\/","title":{"rendered":"Puerto del Rosario hat verschiedene Vereinbarungen mit verschiedenen Verb\u00e4nden und Gruppen getroffen."},"content":{"rendered":"<div class=\"entry-content\">\n<p>Am Montagmorgen, 2. Juni, wurden im Rathaus verschiedene Vereinbarungen mit verschiedenen Verb\u00e4nden und Gruppen unterzeichnet.<\/p>\n<p><strong> <\/strong><strong>Vereinbarung \u201erauchfreie R\u00e4ume\u201c.<\/strong> Die Stadtverwaltung von Puerto del Rosario wird an der Verbreitung der Pr\u00e4ventionskampagne der Vereinigung mitwirken, deren Ziel es ist, den Zustand der \u201eRAUCHFREIEN R\u00c4UME\u201c in \u00f6ffentlichen und\/oder privaten Einrichtungen oder Anlagen sichtbar zu machen. Zu diesem Zweck verpflichtet sich die Organisation, neben der Verbreitung der Pr\u00e4ventionsbotschaften des Verbandes, die entsprechende Einrichtung zu ermutigen, die notwendigen Regeln\/Verordnungen\/Verordnungen zu erlassen, um das Rauchen in ihren Au\u00dfenanlagen zu verbieten, was der Hauptzweck der Zusammenarbeit ist.<\/p>\n<p><strong>Vereinbarung mit AFFA Alzheimer.<\/strong>  Ziel der Vereinbarung ist die Einrichtung eines Pflegedienstes f\u00fcr Menschen mit Alzheimer oder anderen Demenzerkrankungen auf Fuerteventura, die F\u00f6rderung des kognitiven Erhalts durch Arbeit an den wichtigsten intellektuellen Funktionen dieser Menschen und die F\u00f6rderung des psychosozialen Wohlbefindens der Betreuer von Menschen mit Alzheimer oder anderen Demenzerkrankungen, die in der Gemeinde Puerto del Rosario wohnen. Der Betrag bel\u00e4uft sich auf insgesamt 32.000 \u20ac. <\/p>\n<p><strong>Fuerte Yoga Vereinbarung.<\/strong>  Das Wellness- und Gesundheitsprojekt 2025 entstand aus den gemeinsamen Interessen des Fuerteyoga-Verbandes und der Abteilungen f\u00fcr Psychiatrie, psychische Gesundheit, Rheumatologie und Onkologie des Inselkrankenhauses von Fuerteventura, die alle immer mit Wellness und Gesundheit zu tun haben. Dieses Projekt mit seinen vier Programmen ist an die Bed\u00fcrfnisse der verschiedenen Personen angepasst, die jedes Programm beinhaltet, und hat zum Ziel, diese Personen in die Lage zu versetzen, alles, was sie in den Workshops, Kursen und Lehrg\u00e4ngen erhalten haben, auf ihr t\u00e4gliches Leben zu \u00fcbertragen, sie jederzeit zu Teilnehmern der Kurse\/Workshops zu machen und ihnen zu helfen, alles, was sie gelernt haben, kontinuierlich weiterzuentwickeln. Die H\u00f6he des Zuschusses betr\u00e4gt 28.000 \u20ac.  <\/p>\n<p><strong>Asomasamen-Vereinbarung<\/strong>. Das Projekt \u201eMetamorfosis\u201c zur Begleitung psychisch Kranker wurde 2014 ins Leben gerufen. Es ist der einzige Dienst seiner Art, der auf der Insel Fuerteventura f\u00fcr Menschen mit schweren psychischen St\u00f6rungen entwickelt wurde. Es handelt sich um ein Projekt zur individuellen und umfassenden therapeutischen Begleitung, das darauf abzielt, Menschen mit psychischen Problemen eine kontinuierliche Betreuung zu bieten, um ihre pers\u00f6nliche Autonomie und Selbstbestimmung zu f\u00f6rdern. Die Interventionen mit den Menschen, die Teil dieses Projekts sind, werden in ihren Wohnungen und\/oder in ihrem kommunalen Umfeld durchgef\u00fchrt, wodurch eine w\u00e4rmere und angenehmere Atmosph\u00e4re f\u00fcr die betreute Person geschaffen wird.    <\/p>\n<p>Im Laufe der Jahre ist das Projekt gewachsen und hat sich ausgeweitet, was die geografische Ausdehnung, die Zahl der Fachkr\u00e4fte und die Zahl der Arbeitsstunden, die daf\u00fcr aufgewendet werden, sowie die Zahl der aufgenommenen Personen und der unterst\u00fctzten Familien betrifft. F\u00fcr einen Betrag von 16.000 \u20ac <\/p>\n<p>B\u00fcrgermeister David de Vera erkl\u00e4rte, dass \u201edie K\u00f6rperschaft mit verschiedenen Gruppen zusammenarbeitet, die in der Gemeinde hervorragende soziale Arbeit leisten und verschiedene Programme und Projekte von allgemeinem Interesse durchf\u00fchren\u201c.<\/p>\n<\/div>\n","protected":false},"excerpt":{"rendered":"<p>Am Montagmorgen, 2. Juni, wurden im Rathaus verschiedene Vereinbarungen mit verschiedenen Verb\u00e4nden und Gruppen unterzeichnet. Vereinbarung \u201erauchfreie R\u00e4ume\u201c. Die Stadtverwaltung von Puerto del Rosario wird an der Verbreitung der Pr\u00e4ventionskampagne [&hellip;]<\/p>\n","protected":false},"author":1,"featured_media":4818,"comment_status":"open","ping_status":"open","sticky":false,"template":"","format":"standard","meta":{"inline_featured_image":false,"jnews-multi-image_gallery":[],"jnews_single_post":[],"jnews_primary_category":[],"jnews_social_meta":[],"jnews_override_counter":[],"jnews_post_split":[],"footnotes":""},"categories":[293],"tags":[216],"class_list":["post-4822","post","type-post","status-publish","format-standard","has-post-thumbnail","hentry","category-puerto-del-rosario-de","tag-fuerteventura-de"],"jetpack_featured_media_url":"https:\/\/informacionlocal.es\/wp-content\/uploads\/2025\/06\/convenio-titu-grupo-0625.jpg","_links":{"self":[{"href":"https:\/\/informacionlocal.es\/de\/wp-json\/wp\/v2\/posts\/4822","targetHints":{"allow":["GET"]}}],"collection":[{"href":"https:\/\/informacionlocal.es\/de\/wp-json\/wp\/v2\/posts"}],"about":[{"href":"https:\/\/informacionlocal.es\/de\/wp-json\/wp\/v2\/types\/post"}],"author":[{"embeddable":true,"href":"https:\/\/informacionlocal.es\/de\/wp-json\/wp\/v2\/users\/1"}],"replies":[{"embeddable":true,"href":"https:\/\/informacionlocal.es\/de\/wp-json\/wp\/v2\/comments?post=4822"}],"version-history":[{"count":0,"href":"https:\/\/informacionlocal.es\/de\/wp-json\/wp\/v2\/posts\/4822\/revisions"}],"wp:featuredmedia":[{"embeddable":true,"href":"https:\/\/informacionlocal.es\/de\/wp-json\/wp\/v2\/media\/4818"}],"wp:attachment":[{"href":"https:\/\/informacionlocal.es\/de\/wp-json\/wp\/v2\/media?parent=4822"}],"wp:term":[{"taxonomy":"category","embeddable":true,"href":"https:\/\/informacionlocal.es\/de\/wp-json\/wp\/v2\/categories?post=4822"},{"taxonomy":"post_tag","embeddable":true,"href":"https:\/\/informacionlocal.es\/de\/wp-json\/wp\/v2\/tags?post=4822"}],"curies":[{"name":"wp","href":"https:\/\/api.w.org\/{rel}","templated":true}]}}