{"id":4797,"date":"2025-06-03T13:12:19","date_gmt":"2025-06-03T13:12:19","guid":{"rendered":"https:\/\/informacionlocal.es\/pajara-feiert-die-tage-der-umwelt-und-der-ozeane-mit-einem-lehrreichen-und-astronomischen-tag-in-morro-jable\/"},"modified":"2025-06-03T13:12:19","modified_gmt":"2025-06-03T13:12:19","slug":"pajara-feiert-die-tage-der-umwelt-und-der-ozeane-mit-einem-lehrreichen-und-astronomischen-tag-in-morro-jable","status":"publish","type":"post","link":"https:\/\/informacionlocal.es\/de\/pajara-feiert-die-tage-der-umwelt-und-der-ozeane-mit-einem-lehrreichen-und-astronomischen-tag-in-morro-jable\/","title":{"rendered":"P\u00e1jara feiert die Tage der Umwelt und der Ozeane mit einem lehrreichen und astronomischen Tag in Morro Jable"},"content":{"rendered":"<div class=\"entry-content\">\n<p><b><i>Auf der Plaza de los Pescadores finden am Vormittag Schulworkshops und am Abend eine f\u00fcr die \u00d6ffentlichkeit zug\u00e4ngliche Mondbeobachtung statt.<\/i><\/b><\/p>\n<p><span>Die Umweltabteilung der Stadtverwaltung von P\u00e1jara organisiert am Donnerstag, den 5. Juni, einen Tag zur Feier des Welttages der Umwelt und der Ozeane. Die Aktivit\u00e4ten finden auf der Plaza de los Pescadores in Morro Jable statt, um die Umwelterziehung von Schulkindern und B\u00fcrgern zu f\u00f6rdern.   <\/span><\/p>\n<p><span>Im Laufe des Vormittags, von 9:00 bis 12:30 Uhr, werden die \u00f6rtlichen Schulen an verschiedenen Workshops zur Umwelterziehung teilnehmen, bei denen die Sch\u00fcler auf spielerische Weise unter anderem etwas \u00fcber Recycling, die biologische Vielfalt der Meere und Sonnenbeobachtung lernen k\u00f6nnen. Diese Aktivit\u00e4ten sollen das Bewusstsein junger Menschen f\u00fcr die Bedeutung des Schutzes der nat\u00fcrlichen Umwelt sch\u00e4rfen.   <\/span><\/p>\n<p><span>Am Abend, von 20:00 bis 22:00 Uhr, ist das Programm mit einem Mondbeobachtungs-Workshop von Astro Ciencia N\u00f3mada auch f\u00fcr die breite \u00d6ffentlichkeit zug\u00e4nglich. Diese astronomische Erfahrung bietet den Teilnehmern die M\u00f6glichkeit, den Mond zu beobachten und Kuriosit\u00e4ten \u00fcber diesen nat\u00fcrlichen Satelliten zu entdecken, der das Leben auf der Erde beeinflusst.   <\/span><\/p>\n<p><span>Die Stadtr\u00e4tin des Gebiets, \u00c1ngeles Acosta, betont die Bedeutung dieses Tages. \u201eWir wollen, dass die Kleinen die Protagonisten des Wandels sind. Die Erziehung durch Spiel und Erfahrung ist der Schl\u00fcssel zur Schaffung eines Umweltbewusstseins. Wir laden auch alle Familien ein, an dem abendlichen Workshop teilzunehmen, der ein unvergessliches Erlebnis sein wird\u201c, sagt sie.   <\/span><\/p>\n<p><span>Das Rathaus von P\u00e1jara ruft alle B\u00fcrgerinnen und B\u00fcrger auf, an diesem Tag teilzunehmen, an dem Bildung, Wissenschaft und Umweltengagement zugunsten einer nachhaltigen Entwicklung der Gemeinde zusammenkommen.  <\/span><\/p>\n<p><img fetchpriority=\"high\" decoding=\"async\" class=\"alignnone size-medium wp-image-20435\" src=\"https:\/\/informacionlocal.es\/wp-content\/uploads\/2025\/06\/taller-observacion-lunar-212x300-1.jpeg\" width=\"212\" height=\"300\" title=\"taller-observacion-lunar-212x300-1\"><img decoding=\"async\" class=\"alignnone size-medium wp-image-20434\" src=\"https:\/\/informacionlocal.es\/wp-content\/uploads\/2025\/06\/medio-ambiente-300x252-1.jpg\" width=\"300\" height=\"252\" title=\"medio-ambiente-300x252-1\"><\/p>\n<\/div>\n","protected":false},"excerpt":{"rendered":"<p><i>Auf der Plaza de los Pescadores finden am Vormittag Schulworkshops und am Abend eine f\u00fcr die \u00d6ffentlichkeit zug\u00e4ngliche Mondbeobachtung statt.<\/i><\/p>\n","protected":false},"author":1,"featured_media":4786,"comment_status":"open","ping_status":"open","sticky":false,"template":"","format":"standard","meta":{"inline_featured_image":false,"jnews-multi-image_gallery":[],"jnews_single_post":[],"jnews_primary_category":[],"jnews_social_meta":[],"jnews_override_counter":[],"jnews_post_split":[],"footnotes":""},"categories":[297],"tags":[306,199],"class_list":["post-4797","post","type-post","status-publish","format-standard","has-post-thumbnail","hentry","category-pajara-de","tag-educacion-de","tag-umwelt"],"jetpack_featured_media_url":"https:\/\/informacionlocal.es\/wp-content\/uploads\/2025\/06\/medio-ambiente.jpg","_links":{"self":[{"href":"https:\/\/informacionlocal.es\/de\/wp-json\/wp\/v2\/posts\/4797","targetHints":{"allow":["GET"]}}],"collection":[{"href":"https:\/\/informacionlocal.es\/de\/wp-json\/wp\/v2\/posts"}],"about":[{"href":"https:\/\/informacionlocal.es\/de\/wp-json\/wp\/v2\/types\/post"}],"author":[{"embeddable":true,"href":"https:\/\/informacionlocal.es\/de\/wp-json\/wp\/v2\/users\/1"}],"replies":[{"embeddable":true,"href":"https:\/\/informacionlocal.es\/de\/wp-json\/wp\/v2\/comments?post=4797"}],"version-history":[{"count":0,"href":"https:\/\/informacionlocal.es\/de\/wp-json\/wp\/v2\/posts\/4797\/revisions"}],"wp:featuredmedia":[{"embeddable":true,"href":"https:\/\/informacionlocal.es\/de\/wp-json\/wp\/v2\/media\/4786"}],"wp:attachment":[{"href":"https:\/\/informacionlocal.es\/de\/wp-json\/wp\/v2\/media?parent=4797"}],"wp:term":[{"taxonomy":"category","embeddable":true,"href":"https:\/\/informacionlocal.es\/de\/wp-json\/wp\/v2\/categories?post=4797"},{"taxonomy":"post_tag","embeddable":true,"href":"https:\/\/informacionlocal.es\/de\/wp-json\/wp\/v2\/tags?post=4797"}],"curies":[{"name":"wp","href":"https:\/\/api.w.org\/{rel}","templated":true}]}}