{"id":4778,"date":"2025-06-03T10:31:03","date_gmt":"2025-06-03T10:31:03","guid":{"rendered":"https:\/\/informacionlocal.es\/der-stadtrat-von-la-oliva-unternimmt-den-ersten-schritt-um-die-einfuehrung-einer-touristensteuer-zu-pruefen-um-die-oeffentlichen-dienstleistungen-zu-staerken-und-die-natuerliche-umwelt-zu-schuetzen\/"},"modified":"2025-06-03T10:31:03","modified_gmt":"2025-06-03T10:31:03","slug":"der-stadtrat-von-la-oliva-unternimmt-den-ersten-schritt-um-die-einfuehrung-einer-touristensteuer-zu-pruefen-um-die-oeffentlichen-dienstleistungen-zu-staerken-und-die-natuerliche-umwelt-zu-schuetzen","status":"publish","type":"post","link":"https:\/\/informacionlocal.es\/de\/der-stadtrat-von-la-oliva-unternimmt-den-ersten-schritt-um-die-einfuehrung-einer-touristensteuer-zu-pruefen-um-die-oeffentlichen-dienstleistungen-zu-staerken-und-die-natuerliche-umwelt-zu-schuetzen\/","title":{"rendered":"Der Stadtrat von La Oliva unternimmt den ersten Schritt, um die Einf\u00fchrung einer Touristensteuer zu pr\u00fcfen, um die \u00f6ffentlichen Dienstleistungen zu st\u00e4rken und die nat\u00fcrliche Umwelt zu sch\u00fctzen."},"content":{"rendered":"<p>Die Stadtverwaltung von La Oliva hat eine Wirtschaftsstudie in Auftrag gegeben, um die Durchf\u00fchrbarkeit der Einf\u00fchrung einer kommunalen Fremdenverkehrsabgabe zu pr\u00fcfen. Diese Ma\u00dfnahme, die sich noch in der Phase der technischen und rechtlichen Analyse befindet, entspricht dem Willen der Regierungsgruppe, zus\u00e4tzliche Einnahmen zu generieren, die es ihr erm\u00f6glichen, die Auswirkungen der touristischen Aktivit\u00e4ten auf die \u00f6ffentlichen Dienstleistungen und die nat\u00fcrliche Umwelt der Gemeinde mit gr\u00f6\u00dferer Sicherheit zu bew\u00e4ltigen. <\/p>\n<p>Der B\u00fcrgermeister von La Oliva, Isa\u00ed Blanco, betonte, dass \u201edie Absicht des Stadtrats darin besteht, diese Debatte ernsthaft zu f\u00fchren und \u00fcber alle Informationen zu verf\u00fcgen, die notwendig sind, um eine verantwortungsvolle Entscheidung zu treffen. Wenn es uns gelingt, eine ausgewogene und gerechte Touristensteuer einzuf\u00fchren, werden wir einen wichtigen Schritt in Richtung eines ausgewogeneren und gerechteren Modells machen\u201c.<\/p>\n<p>In diesem Sinne hat der Stadtrat ein technisches Team mit der Ausarbeitung einer Studie beauftragt, um die potenziellen Einnahmen, die m\u00f6glichen Anwendungsmodalit\u00e4ten und den rechtlichen Rahmen der Ma\u00dfnahme abzusch\u00e4tzen, wobei auch der Umfang der Ferienh\u00e4user und der touristischen Einrichtungen in der Gemeinde ber\u00fccksichtigt werden soll.<\/p>\n<p>Der Stadtrat f\u00fcr Tourismus, David Fajardo, best\u00e4tigte, dass die wirtschaftliche Machbarkeitsstudie bereits in Auftrag gegeben wurde, mit dem Ziel, sie, falls beschlossen, noch in der laufenden Legislaturperiode umzusetzen. \u201eDer Vorschlag, den wir untersuchen, sieht eine sehr niedrige Geb\u00fchr vor, die f\u00fcr die Besucher keine nennenswerten Kosten mit sich bringen w\u00fcrde, es uns aber erm\u00f6glichen w\u00fcrde, Dienstleistungen wie Reinigung, Umweltschutz und Instandhaltung der \u00f6ffentlichen R\u00e4ume zu verst\u00e4rken\u201c, sagte er. Er betonte auch, dass \u201ediese Ma\u00dfnahme innerhalb der Vereinigung der touristischen Gemeinden der Kanarischen Inseln (AMTC) diskutiert wurde, in der La Oliva ein aktives Mitglied ist und Erfahrungen und Erkenntnisse mit anderen touristischen Zielen des Archipels austauscht\u201c.  <\/p>\n<p>Der Stadtrat f\u00fcr Finanzen, Juan Jos\u00e9 Rodr\u00edguez, wies seinerseits darauf hin, dass \u201edas Ziel darin besteht, dass diese Steuer, wenn sie schlie\u00dflich eingef\u00fchrt wird, effizient verwaltet wird, den Einwohnern von La Oliva einen direkten Nutzen bringt und direkt zur Verbesserung der \u00f6ffentlichen Sicherheit und der Stra\u00dfenreinigung in der Region beitr\u00e4gt. Es handelt sich nicht nur um eine Ma\u00dfnahme zur Steuererhebung, sondern um ein Instrument zur Umverteilung eines Teils des Aufwands, den die Gemeinde derzeit tr\u00e4gt, so dass jeder Tourist, der in La Oliva \u00fcbernachtet, zur Verbesserung und Instandhaltung unseres Gebiets beitr\u00e4gt\u201c.<\/p>\n<p>Der Stadtrat betont, dass die Steuer, wenn sie eingef\u00fchrt wird, nur sehr geringe wirtschaftliche Auswirkungen auf die Besucher h\u00e4tte, aber die von Einwohnern und Touristen in Anspruch genommenen Dienstleistungen erheblich verst\u00e4rken w\u00fcrde. \u201eLa Oliva ist ein privilegiertes Reiseziel mit einzigartigen nat\u00fcrlichen Ressourcen und einem starken touristischen Druck zu bestimmten Zeiten des Jahres. Wenn wir uns um das k\u00fcmmern wollen, was wir sind, brauchen wir Instrumente, die es uns erm\u00f6glichen, das Modell aufrechtzuerhalten\u201c, f\u00fcgte der B\u00fcrgermeister hinzu. <\/p>\n<p>Der Stadtrat wird in den kommenden Monaten weiter an der technischen, rechtlichen und politischen Analyse des Vorschlags arbeiten, die mit allen beteiligten Sektoren geteilt werden wird, bevor er schlie\u00dflich genehmigt wird. Das Engagement der Regierungsfraktion ist klar: ein gerechteres und geordneteres Tourismusmanagement, das den B\u00fcrgern und dem Gebiet verpflichtet ist. <\/p>\n","protected":false},"excerpt":{"rendered":"<p><span>Die Regierungsgruppe gibt eine Wirtschaftsstudie in Auftrag, um die Durchf\u00fchrbarkeit dieser Ma\u00dfnahme zu analysieren, die es erm\u00f6glichen w\u00fcrde, einen Teil der Auswirkungen des Tourismus in die Finanzierung der Infrastruktur, die Sauberkeit, den Umweltschutz und die Verbesserung der Lebensqualit\u00e4t der Anwohner zu lenken.<\/span><\/p>\n","protected":false},"author":1,"featured_media":4774,"comment_status":"open","ping_status":"open","sticky":false,"template":"","format":"standard","meta":{"inline_featured_image":false,"jnews-multi-image_gallery":[],"jnews_single_post":[],"jnews_primary_category":[],"jnews_social_meta":[],"jnews_override_counter":[],"jnews_post_split":[],"footnotes":""},"categories":[291],"tags":[196,197],"class_list":["post-4778","post","type-post","status-publish","format-standard","has-post-thumbnail","hentry","category-la-oliva-de","tag-gemeinden","tag-offentliche-dienste"],"jetpack_featured_media_url":"https:\/\/informacionlocal.es\/wp-content\/uploads\/2025\/06\/5206_618bb26b.png","_links":{"self":[{"href":"https:\/\/informacionlocal.es\/de\/wp-json\/wp\/v2\/posts\/4778","targetHints":{"allow":["GET"]}}],"collection":[{"href":"https:\/\/informacionlocal.es\/de\/wp-json\/wp\/v2\/posts"}],"about":[{"href":"https:\/\/informacionlocal.es\/de\/wp-json\/wp\/v2\/types\/post"}],"author":[{"embeddable":true,"href":"https:\/\/informacionlocal.es\/de\/wp-json\/wp\/v2\/users\/1"}],"replies":[{"embeddable":true,"href":"https:\/\/informacionlocal.es\/de\/wp-json\/wp\/v2\/comments?post=4778"}],"version-history":[{"count":0,"href":"https:\/\/informacionlocal.es\/de\/wp-json\/wp\/v2\/posts\/4778\/revisions"}],"wp:featuredmedia":[{"embeddable":true,"href":"https:\/\/informacionlocal.es\/de\/wp-json\/wp\/v2\/media\/4774"}],"wp:attachment":[{"href":"https:\/\/informacionlocal.es\/de\/wp-json\/wp\/v2\/media?parent=4778"}],"wp:term":[{"taxonomy":"category","embeddable":true,"href":"https:\/\/informacionlocal.es\/de\/wp-json\/wp\/v2\/categories?post=4778"},{"taxonomy":"post_tag","embeddable":true,"href":"https:\/\/informacionlocal.es\/de\/wp-json\/wp\/v2\/tags?post=4778"}],"curies":[{"name":"wp","href":"https:\/\/api.w.org\/{rel}","templated":true}]}}