{"id":4765,"date":"2025-06-03T10:07:07","date_gmt":"2025-06-03T10:07:07","guid":{"rendered":"https:\/\/informacionlocal.es\/pajara-feiert-die-feierlichkeiten-zu-ehren-von-san-antonio-de-padua-in-toto\/"},"modified":"2025-06-03T10:07:07","modified_gmt":"2025-06-03T10:07:07","slug":"pajara-feiert-die-feierlichkeiten-zu-ehren-von-san-antonio-de-padua-in-toto","status":"publish","type":"post","link":"https:\/\/informacionlocal.es\/de\/pajara-feiert-die-feierlichkeiten-zu-ehren-von-san-antonio-de-padua-in-toto\/","title":{"rendered":"P\u00e1jara feiert die Feierlichkeiten zu Ehren von San Antonio de Padua in Toto"},"content":{"rendered":"<div class=\"entry-content\">\n<p><b><i>Vom 4. bis 13. Juni findet im Dorf ein Programm voller Traditionen, Musik, Aktivit\u00e4ten f\u00fcr Familien und die Wallfahrt statt.  <\/i><\/b><\/p>\n<p><span>Die Concejal\u00eda de Festejos del Ayuntamiento de P\u00e1jara stellt das Programm der Veranstaltungen vor, die f\u00fcr die Fiestas zu Ehren von San Antonio de Padua 2025 in der Gemeinde Toto geplant sind.  <\/span><\/p>\n<p><span>Das Patronatsfest findet vom 4. bis 13. Juni statt und bietet ein breites Spektrum an Aktivit\u00e4ten f\u00fcr die gesamte Bev\u00f6lkerung. Auf dem Programm stehen Workshops, Turniere, eine Wallfahrt, kanarisches Wrestling, K\u00e4severkostungen, Aktivit\u00e4ten f\u00fcr Kinder und viele weitere Veranstaltungen, bei denen jeder auf seine Kosten kommt.   <\/span><\/p>\n<p><span>Der Stadtrat f\u00fcr Festlichkeiten, Juan Jos\u00e9 Viera, unterstreicht die Bedeutung dieser Feierlichkeiten f\u00fcr die Stadt und erkl\u00e4rt, dass \u201ewir in diesem Jahr daran gearbeitet haben, ein dynamisches und partizipatives Programm anzubieten, in dem jede Generation ihren Platz zum Teilen und Feiern findet\u201c.  <\/span><\/p>\n<p><span>Er f\u00fcgt hinzu: \u201eWir m\u00f6chten dem engagierten Festivalkomitee f\u00fcr seinen Einsatz, seine innovativen Initiativen und seine kontinuierliche Arbeit danken, die f\u00fcr die Organisation dieses Programms von entscheidender Bedeutung waren\u201c.  <\/span><\/p>\n<p><span>Das Festprogramm umfasst herausragende Veranstaltungen wie die traditionelle Wallfahrt, die am Samstag, dem 7. Juni, um 18.00 Uhr vom Cortijo de Tetu\u00ed aus startet. Am Donnerstag, dem 12. Juni, findet um 18.00 Uhr ein kanarischer Marktstand statt, der von einer Folkloregruppe begleitet wird, und am Freitag, dem 13. Juni, wird um 18.00 Uhr ein feierlicher Gottesdienst abgehalten, gefolgt von der Prozession von San Antonio de Padua. <\/span><\/p>\n<p><span>Die Feierlichkeiten beginnen offiziell am Mittwoch, dem 4. Juni, mit der Dekoration des Dorfes, die es mit Farbe und Tradition erf\u00fcllt.<\/span><\/p>\n<p><img fetchpriority=\"high\" decoding=\"async\" class=\"alignnone size-medium wp-image-20431\" src=\"https:\/\/informacionlocal.es\/wp-content\/uploads\/2025\/06\/programa-toto-2025-1-200x300-1.jpg\" width=\"200\" height=\"300\" title=\"programa-toto-2025-1-200x300-1\"><\/p>\n<\/div>\n","protected":false},"excerpt":{"rendered":"<p><i>Vom 4. bis 13. Juni findet im Dorf ein Programm voller Traditionen, Musik, Aktivit\u00e4ten f\u00fcr Familien und die Wallfahrt statt.  <\/i><\/p>\n","protected":false},"author":1,"featured_media":4758,"comment_status":"open","ping_status":"open","sticky":false,"template":"","format":"standard","meta":{"inline_featured_image":false,"jnews-multi-image_gallery":[],"jnews_single_post":[],"jnews_primary_category":[],"jnews_social_meta":[],"jnews_override_counter":[],"jnews_post_split":[],"footnotes":""},"categories":[297],"tags":[303],"class_list":["post-4765","post","type-post","status-publish","format-standard","has-post-thumbnail","hentry","category-pajara-de","tag-eventos-de"],"jetpack_featured_media_url":"https:\/\/informacionlocal.es\/wp-content\/uploads\/2025\/06\/programa-toto-2025-1-scaled-1.jpg","_links":{"self":[{"href":"https:\/\/informacionlocal.es\/de\/wp-json\/wp\/v2\/posts\/4765","targetHints":{"allow":["GET"]}}],"collection":[{"href":"https:\/\/informacionlocal.es\/de\/wp-json\/wp\/v2\/posts"}],"about":[{"href":"https:\/\/informacionlocal.es\/de\/wp-json\/wp\/v2\/types\/post"}],"author":[{"embeddable":true,"href":"https:\/\/informacionlocal.es\/de\/wp-json\/wp\/v2\/users\/1"}],"replies":[{"embeddable":true,"href":"https:\/\/informacionlocal.es\/de\/wp-json\/wp\/v2\/comments?post=4765"}],"version-history":[{"count":0,"href":"https:\/\/informacionlocal.es\/de\/wp-json\/wp\/v2\/posts\/4765\/revisions"}],"wp:featuredmedia":[{"embeddable":true,"href":"https:\/\/informacionlocal.es\/de\/wp-json\/wp\/v2\/media\/4758"}],"wp:attachment":[{"href":"https:\/\/informacionlocal.es\/de\/wp-json\/wp\/v2\/media?parent=4765"}],"wp:term":[{"taxonomy":"category","embeddable":true,"href":"https:\/\/informacionlocal.es\/de\/wp-json\/wp\/v2\/categories?post=4765"},{"taxonomy":"post_tag","embeddable":true,"href":"https:\/\/informacionlocal.es\/de\/wp-json\/wp\/v2\/tags?post=4765"}],"curies":[{"name":"wp","href":"https:\/\/api.w.org\/{rel}","templated":true}]}}