{"id":4713,"date":"2025-06-02T11:55:15","date_gmt":"2025-06-02T11:55:15","guid":{"rendered":"https:\/\/informacionlocal.es\/das-rathaus-von-pajara-stellt-den-sport-und-freizeitbereich-am-strand-von-el-matorral-fertig\/"},"modified":"2025-06-02T11:55:15","modified_gmt":"2025-06-02T11:55:15","slug":"das-rathaus-von-pajara-stellt-den-sport-und-freizeitbereich-am-strand-von-el-matorral-fertig","status":"publish","type":"post","link":"https:\/\/informacionlocal.es\/de\/das-rathaus-von-pajara-stellt-den-sport-und-freizeitbereich-am-strand-von-el-matorral-fertig\/","title":{"rendered":"Das Rathaus von P\u00e1jara stellt den Sport- und Freizeitbereich am Strand von El Matorral fertig"},"content":{"rendered":"<div class=\"entry-content\">\n<p><b><i>Die neuen Beach-Fu\u00dfballfelder erg\u00e4nzen den im Februar eingeweihten Sportpark und den schattigen Bereich, wodurch ein ganzheitliches Umfeld f\u00fcr sportliche Aktivit\u00e4ten in Morro Jable geschaffen wird.  <\/i><\/b><\/p>\n<p><b><i>Die Regierung von P\u00e1jara hofft, in Costa Calma einen Sportplatz einrichten zu k\u00f6nnen.  <\/i><\/b><\/p>\n<p><span>Das Rathaus von P\u00e1jara hat am Strand von El Matorral in der Gemeinde Morro Jable mit der Einrichtung von zwei neuen Strandfu\u00dfballpl\u00e4tzen die Schaffung eines Sport- und Freizeitbereichs abgeschlossen. Diese Einrichtungen erg\u00e4nzen den Calisthenics-Park und den im vergangenen Februar eingeweihten schattigen Bereich und bilden einen Bereich, der ganz dem Sport und der k\u00f6rperlichen Bet\u00e4tigung unter freiem Himmel gewidmet ist.   <\/span><\/p>\n<p><span>Der Stadtrat f\u00fcr Str\u00e4nde, Raimundo Dacosta, unterstreicht die Bedeutung dieses neuen Raums. \u201eWir von der Regierungsfraktion setzen die Verbesserung und Erweiterung unserer \u00f6ffentlichen Bereiche fort, in diesem Fall mit einem starken Engagement f\u00fcr gesunde \u00dcbungen in nat\u00fcrlicher Umgebung. Die Enklave von El Matorral ist ideal f\u00fcr diese Art von Einrichtungen, die nicht nur die Gesundheit, sondern auch das soziale Zusammenleben f\u00f6rdern\u201c, sagte er.   <\/span><\/p>\n<p><span>Der Stadtrat f\u00fcr Sport, Jos\u00e9 Benito, unterstreicht seinerseits die Bedeutung dieser Aktion f\u00fcr die B\u00fcrger. \u201eMit dieser Aktion vervollst\u00e4ndigen wir ein Angebot, das der aktiven Erholung der Bev\u00f6lkerung dient. Diese Art von Aktion spiegelt unser Engagement f\u00fcr das Wohlergehen aller wider, und wir werden weiter daran arbeiten, dieses Modell auf andere Teile der Gemeinde auszuweiten und mehr zug\u00e4ngliche Einrichtungen f\u00fcr k\u00f6rperliche Aktivit\u00e4ten im Freien zu schaffen\u201c, sagte er.   <\/span><\/p>\n<p><span>Der B\u00fcrgermeister von P\u00e1jara, Alejandro Jorge, sagt, dass \u201ediese neue Sportanlage einer langj\u00e4hrigen Nachfrage unserer Nachbarn entspricht, die sich zunehmend f\u00fcr Sport als Freizeitbesch\u00e4ftigung entscheiden. Damit bekr\u00e4ftigen wir unser Engagement f\u00fcr ein aktives und gesundes Leben und bieten vielf\u00e4ltige Alternativen in einer privilegierten Umgebung\u201c, sagt er.  <\/span><\/p>\n<p><span>Mit diesen beiden Fu\u00dfballpl\u00e4tzen am Strand wird der Sport- und Freizeitbereich am Strand von El Matorral zu einem der vollst\u00e4ndigsten Umgebungen in der Gemeinde f\u00fcr k\u00f6rperliche Aktivit\u00e4ten im Freien, die den Bed\u00fcrfnissen der verschiedenen Nutzerprofile gerecht werden.  <\/span><\/p>\n<\/div>\n","protected":false},"excerpt":{"rendered":"<p><i>Die neuen Beach-Fu\u00dfballfelder erg\u00e4nzen den im Februar eingeweihten Sportpark und den schattigen Bereich, wodurch ein ganzheitliches Umfeld f\u00fcr sportliche Aktivit\u00e4ten in Morro Jable geschaffen wird.  <\/i><\/p>\n","protected":false},"author":1,"featured_media":4710,"comment_status":"open","ping_status":"open","sticky":false,"template":"","format":"standard","meta":{"inline_featured_image":false,"jnews-multi-image_gallery":[],"jnews_single_post":[],"jnews_primary_category":[],"jnews_social_meta":[],"jnews_override_counter":[],"jnews_post_split":[],"footnotes":""},"categories":[297],"tags":[],"class_list":["post-4713","post","type-post","status-publish","format-standard","has-post-thumbnail","hentry","category-pajara-de"],"jetpack_featured_media_url":"https:\/\/informacionlocal.es\/wp-content\/uploads\/2025\/06\/cancha-de-futbol-e1748864322499.png","_links":{"self":[{"href":"https:\/\/informacionlocal.es\/de\/wp-json\/wp\/v2\/posts\/4713","targetHints":{"allow":["GET"]}}],"collection":[{"href":"https:\/\/informacionlocal.es\/de\/wp-json\/wp\/v2\/posts"}],"about":[{"href":"https:\/\/informacionlocal.es\/de\/wp-json\/wp\/v2\/types\/post"}],"author":[{"embeddable":true,"href":"https:\/\/informacionlocal.es\/de\/wp-json\/wp\/v2\/users\/1"}],"replies":[{"embeddable":true,"href":"https:\/\/informacionlocal.es\/de\/wp-json\/wp\/v2\/comments?post=4713"}],"version-history":[{"count":0,"href":"https:\/\/informacionlocal.es\/de\/wp-json\/wp\/v2\/posts\/4713\/revisions"}],"wp:featuredmedia":[{"embeddable":true,"href":"https:\/\/informacionlocal.es\/de\/wp-json\/wp\/v2\/media\/4710"}],"wp:attachment":[{"href":"https:\/\/informacionlocal.es\/de\/wp-json\/wp\/v2\/media?parent=4713"}],"wp:term":[{"taxonomy":"category","embeddable":true,"href":"https:\/\/informacionlocal.es\/de\/wp-json\/wp\/v2\/categories?post=4713"},{"taxonomy":"post_tag","embeddable":true,"href":"https:\/\/informacionlocal.es\/de\/wp-json\/wp\/v2\/tags?post=4713"}],"curies":[{"name":"wp","href":"https:\/\/api.w.org\/{rel}","templated":true}]}}