{"id":4677,"date":"2025-06-02T09:50:17","date_gmt":"2025-06-02T09:50:17","guid":{"rendered":"https:\/\/informacionlocal.es\/los-lajares-veranstaltet-die-erste-viehausstellung-in-der-gemeinde\/"},"modified":"2025-06-02T09:50:17","modified_gmt":"2025-06-02T09:50:17","slug":"los-lajares-veranstaltet-die-erste-viehausstellung-in-der-gemeinde","status":"publish","type":"post","link":"https:\/\/informacionlocal.es\/de\/los-lajares-veranstaltet-die-erste-viehausstellung-in-der-gemeinde\/","title":{"rendered":"Los Lajares veranstaltet die erste Viehausstellung in der Gemeinde"},"content":{"rendered":"<p>Die Stadtverwaltung von La Oliva veranstaltet \u00fcber die von Rub\u00e9n Gonz\u00e1lez geleitete Abteilung f\u00fcr den Prim\u00e4rsektor am kommenden Sonntag, den 8. Juni, in der Ortschaft Los Lajares die erste Viehzuchtausstellung der Gemeinde. Im Rahmen der \u00f6rtlichen Feierlichkeiten zu Ehren des Heiligen Antonius von Padua wird diese vom \u00f6rtlichen Festkomitee und den Viehz\u00fcchtern der Gemeinde vorgeschlagene Initiative stattfinden, um die Arbeit in der Viehzucht in der Region zu f\u00f6rdern. In diesem Sinne geht es darum, die Traditionen der Gemeinde zu f\u00f6rdern und die Wurzeln der Majoreros bekannt zu machen.  <\/p>\n<p>So k\u00f6nnen Einheimische und Besucher diese Ausstellung, die neben dem Stadtplatz stattfindet, im Rahmen eines Programms genie\u00dfen, in dem der Prim\u00e4rsektor und insbesondere die Viehzucht die Hauptrolle spielen werden. Neben der Viehausstellung von 10:00 bis 19:00 Uhr umfasst der Tag auch eine Vorf\u00fchrung des Palo-Spiels durch die Schulen von Palo de la Isla um 12:00 Uhr, ein beliebtes Grillfest um 13:00 Uhr, die Verleihung von Diplomen an die Teilnehmer der Veranstaltung um 14:00 Uhr und als H\u00f6hepunkt einen Auftritt des Orchesters Jacomar um 15:00 Uhr. W\u00e4hrend der Veranstaltung werden auch zwei St\u00e4nde von \u00f6rtlichen Landwirten aufgebaut, um lokale Produkte zu bewerben.  <\/p>\n<p>Der B\u00fcrgermeister von La Oliva, Isa\u00ed Blanco, betont, wie wichtig es ist, diese Art von Veranstaltungen zu f\u00f6rdern: \u201eAlles, was mit unseren Wurzeln und unserer Identit\u00e4t zu tun hat, ist es wert, gew\u00fcrdigt, gef\u00f6rdert und unseren Besuchern und k\u00fcnftigen Generationen nahegebracht zu werden. Die Viehzucht ist Teil der Geschichte unserer Insel, und diese Ausstellung ist ein Mittel, um zu zeigen, wer wir waren und sind, um den Kleinen die Welt der Viehzucht n\u00e4her zu bringen und gleichzeitig den gro\u00dfen Einsatz der Viehz\u00fcchter f\u00fcr den Fortbestand unserer Traditionen zu w\u00fcrdigen\u201c.<\/p>\n<p>Der Stadtrat f\u00fcr den prim\u00e4ren Sektor, Rub\u00e9n Gonz\u00e1lez, sagt: \u201eDiese Initiative, die von der Viehwirtschaft von Los Lajares sowie von verschiedenen Mitgliedern des Festkomitees vorgeschlagen wurde, ist eine einzigartige Gelegenheit, um die Rolle der Viehwirtschaft in der Gemeinde weiter ins Bewusstsein zu r\u00fccken. Das Rathaus betrachtet die F\u00f6rderung unserer Viehzuchttradition als grundlegend, und aus diesem Grund wird der Stadtrat auch weiterhin die F\u00f6rderung der gesamten Arbeit des Prim\u00e4rsektors in La Oliva unterst\u00fctzen\u201c.  <\/p>\n<p>Diese Ma\u00dfnahme entspricht der Verpflichtung der lokalen Regierung, Aktivit\u00e4ten im Zusammenhang mit dem Prim\u00e4rsektor zu f\u00f6rdern und zu unterst\u00fctzen, um die Tradition und Identit\u00e4t des heutigen Majorero-Volkes nicht zu verw\u00e4ssern.<\/p>\n","protected":false},"excerpt":{"rendered":"<p><span>Das Konsistorium setzt sich f\u00fcr die F\u00f6rderung und Sichtbarkeit der Arbeit des Primarbereichs im Rahmen der Feierlichkeiten von San Antonio de Padua ein.<\/span><\/p>\n","protected":false},"author":1,"featured_media":4674,"comment_status":"open","ping_status":"open","sticky":false,"template":"","format":"standard","meta":{"inline_featured_image":false,"jnews-multi-image_gallery":[],"jnews_single_post":[],"jnews_primary_category":[],"jnews_social_meta":[],"jnews_override_counter":[],"jnews_post_split":[],"footnotes":""},"categories":[291],"tags":[303],"class_list":["post-4677","post","type-post","status-publish","format-standard","has-post-thumbnail","hentry","category-la-oliva-de","tag-eventos-de"],"jetpack_featured_media_url":"https:\/\/informacionlocal.es\/wp-content\/uploads\/2025\/06\/5205_86c63484.png","_links":{"self":[{"href":"https:\/\/informacionlocal.es\/de\/wp-json\/wp\/v2\/posts\/4677","targetHints":{"allow":["GET"]}}],"collection":[{"href":"https:\/\/informacionlocal.es\/de\/wp-json\/wp\/v2\/posts"}],"about":[{"href":"https:\/\/informacionlocal.es\/de\/wp-json\/wp\/v2\/types\/post"}],"author":[{"embeddable":true,"href":"https:\/\/informacionlocal.es\/de\/wp-json\/wp\/v2\/users\/1"}],"replies":[{"embeddable":true,"href":"https:\/\/informacionlocal.es\/de\/wp-json\/wp\/v2\/comments?post=4677"}],"version-history":[{"count":0,"href":"https:\/\/informacionlocal.es\/de\/wp-json\/wp\/v2\/posts\/4677\/revisions"}],"wp:featuredmedia":[{"embeddable":true,"href":"https:\/\/informacionlocal.es\/de\/wp-json\/wp\/v2\/media\/4674"}],"wp:attachment":[{"href":"https:\/\/informacionlocal.es\/de\/wp-json\/wp\/v2\/media?parent=4677"}],"wp:term":[{"taxonomy":"category","embeddable":true,"href":"https:\/\/informacionlocal.es\/de\/wp-json\/wp\/v2\/categories?post=4677"},{"taxonomy":"post_tag","embeddable":true,"href":"https:\/\/informacionlocal.es\/de\/wp-json\/wp\/v2\/tags?post=4677"}],"curies":[{"name":"wp","href":"https:\/\/api.w.org\/{rel}","templated":true}]}}