{"id":4665,"date":"2025-06-01T18:44:59","date_gmt":"2025-06-01T18:44:59","guid":{"rendered":"https:\/\/informacionlocal.es\/puerto-del-rosario-wuerdigt-die-arbeit-der-viehzuechter-in-der-apanada-von-jarugo-und-ehrt-antonio-curbelo\/"},"modified":"2025-06-01T18:44:59","modified_gmt":"2025-06-01T18:44:59","slug":"puerto-del-rosario-wuerdigt-die-arbeit-der-viehzuechter-in-der-apanada-von-jarugo-und-ehrt-antonio-curbelo","status":"publish","type":"post","link":"https:\/\/informacionlocal.es\/de\/puerto-del-rosario-wuerdigt-die-arbeit-der-viehzuechter-in-der-apanada-von-jarugo-und-ehrt-antonio-curbelo\/","title":{"rendered":"Puerto del Rosario w\u00fcrdigt die Arbeit der Viehz\u00fcchter in der Apa\u00f1ada von Jarugo und ehrt Antonio Curbelo."},"content":{"rendered":"<div class=\"entry-content\">\n<p>Am Samstag, den 1. Juni, war die Gambuesa de Jarugo Schauplatz einer der symboltr\u00e4chtigsten Traditionen des Prim\u00e4rsektors von Majorero: die \u201eapa\u00f1ada\u201c, bei der mehr als <strong>700 Rinder<\/strong> zur <strong>Reinigung, Brandmarkung und anschlie\u00dfenden Freilassung im Gemeindegebiet von Puerto del Rosario<\/strong> zusammengef\u00fchrt wurden <strong>.<\/strong> An dieser Aktion, die unter Mitwirkung der Viehz\u00fcchtervereinigung \u201eLa Puipana\u201c von Puerto del Rosario organisiert wurde, nahmen zahlreiche Viehz\u00fcchter der K\u00fcste teil, die einmal mehr ihr Engagement f\u00fcr die traditionelle extensive Viehzucht, eine der S\u00e4ulen der Identit\u00e4t Fuerteventuras, unter Beweis stellten. <\/p>\n<p>Anl\u00e4sslich dieses Tages haben die <strong>Viehz\u00fcchter der Gemeinde Puerto del Rosario<\/strong> zusammen mit dem <strong>Kommissar Antonio Cabrera<\/strong>, dem <strong>Stadtrat von Puerto del Rosario <\/strong>und dem Verein \u201eLa Puipana\u201c selbst <strong>Antonio Curbelo<\/strong>, landwirtschaftlicher Berater des Cabildo von Fuerteventura, anl\u00e4sslich seiner Pensionierung eine emotionale <strong>Ehrung<\/strong> zuteil werden lassen.<\/p>\n<p>Seit Jahren <strong>ist Curbelo eine Schl\u00fcsselfigur bei der Unterst\u00fctzung und dem Schutz der Viehzucht an der K\u00fcste<\/strong>. Er zeichnete sich durch seine N\u00e4he, sein Engagement und seine profunde Kenntnis des Gebiets und der Herausforderungen dieser angestammten T\u00e4tigkeit aus. In der W\u00fcrdigung wurde sein Engagement w\u00e4hrend seiner gesamten beruflichen Laufbahn hervorgehoben, die von der Berufung zum Dienst und dem Respekt f\u00fcr das viehwirtschaftliche Erbe der Insel gepr\u00e4gt war. <\/p>\n<p>An der Veranstaltung nahmen mehrere Mitglieder der Stadtverwaltung teil, darunter <strong>Ana Hern\u00e1ndez (Stadtplanung), Jenifer P\u00e9rez (B\u00fcrgerbeteiligung), David de Le\u00f3n (Prim\u00e4rer Sektor)<\/strong> und <strong>B\u00fcrgermeister David de Vera<\/strong>, der den Tierhaltungssektor an diesem wichtigen Tag begleiten wollte.<\/p>\n<p><strong>David de Le\u00f3n<\/strong>, Stadtrat f\u00fcr das Gebiet, betonte, dass <em>&#8222;die apa\u00f1adas nicht nur eine Viehzucht sind, sondern eine lebendige Manifestation unserer Identit\u00e4t. Der Stadtrat wird sich weiterhin f\u00fcr eine Politik einsetzen, die den Prim\u00e4rsektor st\u00e4rkt und unsere Landwirte bei der Verteidigung eines nachhaltigen und umweltfreundlichen Modells begleitet.<\/em><\/p>\n<p><strong>B\u00fcrgermeister David de Vera<\/strong> wollte seinerseits den strategischen und kulturellen Wert der Viehzucht an der K\u00fcste hervorheben: <em>\u201eDie traditionelle extensive Viehzucht ist Teil der Seele Fuerteventuras. Sie zeugt von unserem Wesen, unserer Geschichte und unserer Verbundenheit mit dem Land. Die Anerkennung von Pers\u00f6nlichkeiten wie Antonio Curbelo bedeutet auch eine Anerkennung der Bem\u00fchungen von Generationen von Viehz\u00fcchtern, die diese T\u00e4tigkeit trotz aller Widrigkeiten am Leben erhalten haben. Der Stadtrat von Puerto del Rosario wird sich auch weiterhin daf\u00fcr einsetzen, dieses Erbe als Teil unseres nat\u00fcrlichen und kulturellen Erbes zu bewahren\u201c.<\/em><\/p>\n<p>Die Stadtverwaltung von Puerto del Rosario bekr\u00e4ftigt ihr Engagement f\u00fcr den Prim\u00e4rsektor und dankt allen, die an dieser Neuauflage der Apa\u00f1ada beteiligt waren, f\u00fcr ihr Engagement.<\/p>\n<\/div>\n","protected":false},"excerpt":{"rendered":"<p>Am Samstag, den 1. Juni, war die Gambuesa de Jarugo Schauplatz einer der symboltr\u00e4chtigsten Traditionen des Prim\u00e4rsektors von Majorero: die \u201eapa\u00f1ada\u201c, bei der mehr als 700 Rinder zur Reinigung, Brandmarkung [&hellip;]<\/p>\n","protected":false},"author":1,"featured_media":4662,"comment_status":"open","ping_status":"open","sticky":false,"template":"","format":"standard","meta":{"inline_featured_image":false,"jnews-multi-image_gallery":[],"jnews_single_post":[],"jnews_primary_category":[],"jnews_social_meta":[],"jnews_override_counter":[],"jnews_post_split":[],"footnotes":""},"categories":[293],"tags":[216],"class_list":["post-4665","post","type-post","status-publish","format-standard","has-post-thumbnail","hentry","category-puerto-del-rosario-de","tag-fuerteventura-de"],"jetpack_featured_media_url":"https:\/\/informacionlocal.es\/wp-content\/uploads\/2025\/06\/apanada-22-jarugo-010625.jpg","_links":{"self":[{"href":"https:\/\/informacionlocal.es\/de\/wp-json\/wp\/v2\/posts\/4665","targetHints":{"allow":["GET"]}}],"collection":[{"href":"https:\/\/informacionlocal.es\/de\/wp-json\/wp\/v2\/posts"}],"about":[{"href":"https:\/\/informacionlocal.es\/de\/wp-json\/wp\/v2\/types\/post"}],"author":[{"embeddable":true,"href":"https:\/\/informacionlocal.es\/de\/wp-json\/wp\/v2\/users\/1"}],"replies":[{"embeddable":true,"href":"https:\/\/informacionlocal.es\/de\/wp-json\/wp\/v2\/comments?post=4665"}],"version-history":[{"count":0,"href":"https:\/\/informacionlocal.es\/de\/wp-json\/wp\/v2\/posts\/4665\/revisions"}],"wp:featuredmedia":[{"embeddable":true,"href":"https:\/\/informacionlocal.es\/de\/wp-json\/wp\/v2\/media\/4662"}],"wp:attachment":[{"href":"https:\/\/informacionlocal.es\/de\/wp-json\/wp\/v2\/media?parent=4665"}],"wp:term":[{"taxonomy":"category","embeddable":true,"href":"https:\/\/informacionlocal.es\/de\/wp-json\/wp\/v2\/categories?post=4665"},{"taxonomy":"post_tag","embeddable":true,"href":"https:\/\/informacionlocal.es\/de\/wp-json\/wp\/v2\/tags?post=4665"}],"curies":[{"name":"wp","href":"https:\/\/api.w.org\/{rel}","templated":true}]}}